{"id":4249,"date":"2025-06-02T19:42:46","date_gmt":"2025-06-02T19:42:46","guid":{"rendered":"https:\/\/notidiario24.com.ar\/portalweb\/?p=4249"},"modified":"2025-06-02T19:42:48","modified_gmt":"2025-06-02T19:42:48","slug":"el-iduv-avanza-con-la-planificacion-para-la-actualizacion-masiva-y-obligatoria-del-padron-de-inscriptos","status":"publish","type":"post","link":"https:\/\/notidiario24.com.ar\/portalweb\/2025\/06\/02\/el-iduv-avanza-con-la-planificacion-para-la-actualizacion-masiva-y-obligatoria-del-padron-de-inscriptos\/","title":{"rendered":"El IDUV avanza con la planificaci\u00f3n para la actualizaci\u00f3n masiva y obligatoria del padr\u00f3n de inscriptos"},"content":{"rendered":"\n<p>En la jornada de hoy, en el Instituto de Desarrollo Urbano y Vivienda (IDUV) se llev\u00f3 a cabo una mesa de trabajo clave entre su directorio y representantes de la Gerencia de H\u00e1bitat, en las instalaciones del ente en R\u00edo Gallegos. La misma tuvo como objetivo, planificar la implementaci\u00f3n de la actualizaci\u00f3n masiva y obligatoria del padr\u00f3n de inscriptos, un proceso que no se realiza desde 2018.<\/p>\n\n\n\n<!--more-->\n\n\n\n<p>El encuentro fue encabezado por el presidente del organismo, Cristian Mansilla, quien destac\u00f3 la importancia de retomar esta pol\u00edtica p\u00fablica para dar respuesta a una demanda postergada. Adem\u00e1s, participaron de la mesa de trabajo, el vocal por el Ejecutivo, Pablo \u00c1lvarez; la gerenta Administrativa, Carina Vera; la gerenta Auditora, Paola Ciancio; la gerenta de H\u00e1bitat, Sof\u00eda Rivero; Sergio Macagno, asesor legal; y referentes de las distintas direcciones de H\u00e1bitat que integran el organismo.<\/p>\n\n\n\n<p>\u201cEs de suma importancia avanzar en la planificaci\u00f3n de este trabajo de manera integral, para poder dar respuestas concretas a una necesidad real de la poblaci\u00f3n\u201d, afirm\u00f3 Mansilla. Asimismo, destac\u00f3 que se est\u00e1n \u201ccoordinando acciones para dar inicio a esta actualizaci\u00f3n, que ser\u00e1 de car\u00e1cter masivo y obligatorio, y que se llevar\u00e1 adelante en toda la provincia\u201d.<\/p>\n\n\n\n<p>Desde el IDUV resaltaron que este proceso permitir\u00e1 ordenar, transparentar y actualizar los datos de quienes buscan acceder a soluciones habitacionales.<\/p>\n","protected":false},"excerpt":{"rendered":"<p>En la jornada de hoy, en el Instituto de Desarrollo Urbano y Vivienda (IDUV) se llev\u00f3 a cabo<\/p>\n","protected":false},"author":1,"featured_media":4250,"comment_status":"closed","ping_status":"closed","sticky":false,"template":"","format":"standard","meta":{"footnotes":""},"categories":[3],"tags":[],"class_list":["post-4249","post","type-post","status-publish","format-standard","has-post-thumbnail","hentry","category-generales"],"_links":{"self":[{"href":"https:\/\/notidiario24.com.ar\/portalweb\/wp-json\/wp\/v2\/posts\/4249","targetHints":{"allow":["GET"]}}],"collection":[{"href":"https:\/\/notidiario24.com.ar\/portalweb\/wp-json\/wp\/v2\/posts"}],"about":[{"href":"https:\/\/notidiario24.com.ar\/portalweb\/wp-json\/wp\/v2\/types\/post"}],"author":[{"embeddable":true,"href":"https:\/\/notidiario24.com.ar\/portalweb\/wp-json\/wp\/v2\/users\/1"}],"replies":[{"embeddable":true,"href":"https:\/\/notidiario24.com.ar\/portalweb\/wp-json\/wp\/v2\/comments?post=4249"}],"version-history":[{"count":1,"href":"https:\/\/notidiario24.com.ar\/portalweb\/wp-json\/wp\/v2\/posts\/4249\/revisions"}],"predecessor-version":[{"id":4251,"href":"https:\/\/notidiario24.com.ar\/portalweb\/wp-json\/wp\/v2\/posts\/4249\/revisions\/4251"}],"wp:featuredmedia":[{"embeddable":true,"href":"https:\/\/notidiario24.com.ar\/portalweb\/wp-json\/wp\/v2\/media\/4250"}],"wp:attachment":[{"href":"https:\/\/notidiario24.com.ar\/portalweb\/wp-json\/wp\/v2\/media?parent=4249"}],"wp:term":[{"taxonomy":"category","embeddable":true,"href":"https:\/\/notidiario24.com.ar\/portalweb\/wp-json\/wp\/v2\/categories?post=4249"},{"taxonomy":"post_tag","embeddable":true,"href":"https:\/\/notidiario24.com.ar\/portalweb\/wp-json\/wp\/v2\/tags?post=4249"}],"curies":[{"name":"wp","href":"https:\/\/api.w.org\/{rel}","templated":true}]}}