{"id":4246,"date":"2025-06-02T19:37:55","date_gmt":"2025-06-02T19:37:55","guid":{"rendered":"https:\/\/notidiario24.com.ar\/portalweb\/?p=4246"},"modified":"2025-06-02T19:37:56","modified_gmt":"2025-06-02T19:37:56","slug":"fortalecimiento-del-sistema-educativo-en-piedra-buena-la-intendente-farias-firmo-convenios-clave-con-el-cpe","status":"publish","type":"post","link":"https:\/\/notidiario24.com.ar\/portalweb\/2025\/06\/02\/fortalecimiento-del-sistema-educativo-en-piedra-buena-la-intendente-farias-firmo-convenios-clave-con-el-cpe\/","title":{"rendered":"Fortalecimiento del sistema educativo en Piedra Buena: la Intendente Far\u00edas firm\u00f3 convenios clave con el CPE"},"content":{"rendered":"\n<p>Este fin de semana, la intendente de Comandante Luis Piedra Buena, Anal\u00eda Far\u00edas, recibi\u00f3 a autoridades del Consejo Provincial de Educaci\u00f3n en una jornada de trabajo que reafirma el compromiso con la educaci\u00f3n p\u00fablica en la localidad.<\/p>\n\n\n\n<!--more-->\n\n\n\n<p>Participaron del encuentro la presidenta del CPE, Iris Rasgido; la vicepresidenta Esther Pucheta; la secretaria de Gesti\u00f3n Educativa, Adela Vera; y la asesora de Presidencia, Griselda Garc\u00eda.<\/p>\n\n\n\n<p>Durante la visita, se concret\u00f3 la firma de dos convenios fundamentales. El primero tiene como objetivo garantizar el mantenimiento de las instituciones educativas de la localidad, mientras que el segundo apunta a atender con celeridad las necesidades m\u00e1s urgentes del sistema escolar local.<\/p>\n\n\n\n<p>Adem\u00e1s, se llev\u00f3 a cabo la habilitaci\u00f3n oficial del invernadero escolar, que a partir de ahora funcionar\u00e1 como \u201cPunto Educativo\u201d, un espacio destinado a la creaci\u00f3n de proyectos pedag\u00f3gicos innovadores con apertura a toda la comunidad educativa.<\/p>\n\n\n\n<p>En este contexto, la presidenta del CPE, Iris Rasgido, destac\u00f3: \u201cA partir de una propuesta del cuerpo docente del S.E.A. en la E.P.P. N\u00b06 nace este proyecto, que se transforma, se recrea y se enriquece como una herramienta comunitaria. Pensar la educaci\u00f3n desde una perspectiva inclusiva, con \u00e9nfasis en la discapacidad, implica avanzar en la construcci\u00f3n de una sociedad m\u00e1s justa, participativa e igualitaria\u201d.<\/p>\n\n\n\n<p>Desde la gesti\u00f3n de la intendenta Far\u00edas se contin\u00faa fortaleciendo la educaci\u00f3n como motor de transformaci\u00f3n social, apostando al conocimiento, la inclusi\u00f3n y el respeto como pilares del desarrollo comunitario.<\/p>\n\n\n\n<p><strong>Intendencia Anal\u00eda Far\u00edas<\/strong><br><strong>Gesti\u00f3n con vos<\/strong><\/p>\n\n\n\n<iframe loading=\"lazy\" src=\"https:\/\/www.facebook.com\/plugins\/post.php?href=https%3A%2F%2Fwww.facebook.com%2Fpermalink.php%3Fstory_fbid%3Dpfbid0VHgyZc4pHx3oHbbmYuAELK69ZVU8uC7J5YTDCvM1DbEYpQHAjGQvu8X1tQEB3aTtl%26id%3D61554404936638&#038;show_text=true&#038;width=500\" width=\"500\" height=\"786\" style=\"border:none;overflow:hidden\" scrolling=\"no\" frameborder=\"0\" allowfullscreen=\"true\" allow=\"autoplay; clipboard-write; encrypted-media; picture-in-picture; web-share\"><\/iframe>\n\n\n\n<p>.<\/p>\n\n\n\n<p><\/p>\n","protected":false},"excerpt":{"rendered":"<p>Este fin de semana, la intendente de Comandante Luis Piedra Buena, Anal\u00eda Far\u00edas, recibi\u00f3 a autoridades del Consejo<\/p>\n","protected":false},"author":1,"featured_media":4247,"comment_status":"closed","ping_status":"closed","sticky":false,"template":"","format":"standard","meta":{"footnotes":""},"categories":[3],"tags":[],"class_list":["post-4246","post","type-post","status-publish","format-standard","has-post-thumbnail","hentry","category-generales"],"_links":{"self":[{"href":"https:\/\/notidiario24.com.ar\/portalweb\/wp-json\/wp\/v2\/posts\/4246","targetHints":{"allow":["GET"]}}],"collection":[{"href":"https:\/\/notidiario24.com.ar\/portalweb\/wp-json\/wp\/v2\/posts"}],"about":[{"href":"https:\/\/notidiario24.com.ar\/portalweb\/wp-json\/wp\/v2\/types\/post"}],"author":[{"embeddable":true,"href":"https:\/\/notidiario24.com.ar\/portalweb\/wp-json\/wp\/v2\/users\/1"}],"replies":[{"embeddable":true,"href":"https:\/\/notidiario24.com.ar\/portalweb\/wp-json\/wp\/v2\/comments?post=4246"}],"version-history":[{"count":1,"href":"https:\/\/notidiario24.com.ar\/portalweb\/wp-json\/wp\/v2\/posts\/4246\/revisions"}],"predecessor-version":[{"id":4248,"href":"https:\/\/notidiario24.com.ar\/portalweb\/wp-json\/wp\/v2\/posts\/4246\/revisions\/4248"}],"wp:featuredmedia":[{"embeddable":true,"href":"https:\/\/notidiario24.com.ar\/portalweb\/wp-json\/wp\/v2\/media\/4247"}],"wp:attachment":[{"href":"https:\/\/notidiario24.com.ar\/portalweb\/wp-json\/wp\/v2\/media?parent=4246"}],"wp:term":[{"taxonomy":"category","embeddable":true,"href":"https:\/\/notidiario24.com.ar\/portalweb\/wp-json\/wp\/v2\/categories?post=4246"},{"taxonomy":"post_tag","embeddable":true,"href":"https:\/\/notidiario24.com.ar\/portalweb\/wp-json\/wp\/v2\/tags?post=4246"}],"curies":[{"name":"wp","href":"https:\/\/api.w.org\/{rel}","templated":true}]}}