{"id":4243,"date":"2025-06-02T13:23:24","date_gmt":"2025-06-02T13:23:24","guid":{"rendered":"https:\/\/notidiario24.com.ar\/portalweb\/?p=4243"},"modified":"2025-06-02T13:23:31","modified_gmt":"2025-06-02T13:23:31","slug":"carlos-garzon-el-antimachismo-de-carton-y-la-persecucion-a-una-mujer-que-gobierna","status":"publish","type":"post","link":"https:\/\/notidiario24.com.ar\/portalweb\/2025\/06\/02\/carlos-garzon-el-antimachismo-de-carton-y-la-persecucion-a-una-mujer-que-gobierna\/","title":{"rendered":"Carlos Garz\u00f3n: el antimachismo de cart\u00f3n y la persecuci\u00f3n a una mujer que gobierna"},"content":{"rendered":"\n<p><strong><em>Ir\u00f3nico y punzante, expone la hipocres\u00eda en el discurso de g\u00e9nero del gremialista.<\/em><\/strong><\/p>\n\n\n\n<p>Desde la gesti\u00f3n municipal manifestaron una profunda preocupaci\u00f3n y repudiaron los hechos de violencia institucional, pol\u00edtica y sindical encabezados por el secretario general de ATE Santa Cruz, Carlos Garz\u00f3n, quien una vez m\u00e1s se ha mostrado dispuesto a cruzar l\u00edmites inadmisibles en democracia.<\/p>\n\n\n\n<!--more-->\n\n\n\n<p>En un claro intento de avasallar la institucionalidad local y hostigar a la intendenta Zulma Neira, Garz\u00f3n ha impulsado acciones de presi\u00f3n y violencia que contradicen de manera flagrante los principios de igualdad, respeto y lucha contra el machismo que el propio sindicato dice defender.<\/p>\n\n\n\n<p>En un video que circula p\u00fablicamente se puede observar c\u00f3mo Garz\u00f3n se esconde detr\u00e1s de mujeres que ejercen actos de violencia y hostigamiento contra funcionarias municipales, intentando escudarse detr\u00e1s del discurso de g\u00e9nero mientras despliega una estrategia de desestabilizaci\u00f3n que no hace m\u00e1s que vulnerar derechos y generar un clima social tenso e injusto para toda la comunidad.<\/p>\n\n\n\n<iframe loading=\"lazy\" src=\"https:\/\/www.facebook.com\/plugins\/video.php?height=316&#038;href=https%3A%2F%2Fwww.facebook.com%2Fnotidiario24%2Fvideos%2F723826736992539%2F&#038;show_text=false&#038;width=560&#038;t=0\" width=\"560\" height=\"316\" style=\"border:none;overflow:hidden\" scrolling=\"no\" frameborder=\"0\" allowfullscreen=\"true\" allow=\"autoplay; clipboard-write; encrypted-media; picture-in-picture; web-share\" allowFullScreen=\"true\"><\/iframe>\n\n\n\n<p>Es importante poner en contexto que este reclamo se da en medio de un severo recorte nacional en materia de regal\u00edas y coparticipaci\u00f3n, lo que afecta directamente las finanzas de todos los municipios de la provincia.<\/p>\n\n\n\n<p>Adem\u00e1s, desde el inicio de esta gesti\u00f3n se viene realizando un profundo reordenamiento administrativo, tras recibir un municipio con desmanejo y desorden. Esta tarea de reconstrucci\u00f3n y transparencia tambi\u00e9n ha tocado intereses que hoy, a todas luces, intentan poner piedras en el camino.<\/p>\n\n\n\n<p>La intendenta desmiente categ\u00f3ricamente cualquier insulto a trabajadores municipales, y remarca que la polic\u00eda intervino para garantizar el orden p\u00fablico e institucional ante un atropello inaceptable a las autoridades. Como bien dijo Neira: \u201cNadie empuj\u00f3 a nadie ni desde el municipio se insult\u00f3 a nadie\u201d.<\/p>\n\n\n\n<p>Lo m\u00e1s grave es que Garz\u00f3n ha llegado a declarar en el Concejo Deliberante que, \u00abvamos a tomar medidas mas duras y mas dr\u00e1sticas\u00bb, \u201csi tiene que sitiar el pueblo, lo va a hacer\u201d, un nivel de violencia discursiva que no solo atenta contra la democracia, sino que pretende infundir miedo en los vecinos y vecinas, muchos de los cuales ni siquiera forman parte del empleo p\u00fablico.<br>Dejando en claro que NO pide dialogo que solo amenaza para generar presi\u00f3n sobre la situaci\u00f3n.<\/p>\n\n\n\n<p>Este accionar busca claramente desestabilizar una gesti\u00f3n que no responde a los viejos acuerdos de poder, aquellos que durante a\u00f1os se mantuvieron en silencio cuando gobernaban \u201clos amigos\u201d. Ahora que hay una conducci\u00f3n diferente, que representa a la comunidad y no a intereses personales, parece que algunos no toleran perder sus privilegios.<\/p>\n\n\n\n<p>Y no podemos dejar de se\u00f1alar una tremenda contradicci\u00f3n: ATE, que hace apenas d\u00edas realiz\u00f3 una actividad para organizar el 3J en el marco de la consigna \u201cNi Una Menos\u201d, hoy borra con el codo lo que firm\u00f3 con la mano, dejando en evidencia que su discurso antimachista es s\u00f3lo un eslogan cuando los intereses personales est\u00e1n en juego.<\/p>\n\n\n\n<p>Zulma Neira gobierna con respeto, escucha activa y compromiso con su pueblo. Y seguir\u00e1 haci\u00e9ndolo, pese a quienes buscan sembrar caos y violencia desde el aparato sindical o desde las sombras.<\/p>\n\n\n\n<p>Porque la violencia no se combate con m\u00e1s violencia.<br>Porque la institucionalidad se defiende con trabajo y convicci\u00f3n.<br>Y porque la democracia se construye con respeto, no&nbsp;con&nbsp;amenazas.<\/p>\n","protected":false},"excerpt":{"rendered":"<p>Ir\u00f3nico y punzante, expone la hipocres\u00eda en el discurso de g\u00e9nero del gremialista. Desde la gesti\u00f3n municipal manifestaron<\/p>\n","protected":false},"author":1,"featured_media":4244,"comment_status":"closed","ping_status":"closed","sticky":false,"template":"","format":"standard","meta":{"footnotes":""},"categories":[4],"tags":[],"class_list":["post-4243","post","type-post","status-publish","format-standard","has-post-thumbnail","hentry","category-politica"],"_links":{"self":[{"href":"https:\/\/notidiario24.com.ar\/portalweb\/wp-json\/wp\/v2\/posts\/4243","targetHints":{"allow":["GET"]}}],"collection":[{"href":"https:\/\/notidiario24.com.ar\/portalweb\/wp-json\/wp\/v2\/posts"}],"about":[{"href":"https:\/\/notidiario24.com.ar\/portalweb\/wp-json\/wp\/v2\/types\/post"}],"author":[{"embeddable":true,"href":"https:\/\/notidiario24.com.ar\/portalweb\/wp-json\/wp\/v2\/users\/1"}],"replies":[{"embeddable":true,"href":"https:\/\/notidiario24.com.ar\/portalweb\/wp-json\/wp\/v2\/comments?post=4243"}],"version-history":[{"count":1,"href":"https:\/\/notidiario24.com.ar\/portalweb\/wp-json\/wp\/v2\/posts\/4243\/revisions"}],"predecessor-version":[{"id":4245,"href":"https:\/\/notidiario24.com.ar\/portalweb\/wp-json\/wp\/v2\/posts\/4243\/revisions\/4245"}],"wp:featuredmedia":[{"embeddable":true,"href":"https:\/\/notidiario24.com.ar\/portalweb\/wp-json\/wp\/v2\/media\/4244"}],"wp:attachment":[{"href":"https:\/\/notidiario24.com.ar\/portalweb\/wp-json\/wp\/v2\/media?parent=4243"}],"wp:term":[{"taxonomy":"category","embeddable":true,"href":"https:\/\/notidiario24.com.ar\/portalweb\/wp-json\/wp\/v2\/categories?post=4243"},{"taxonomy":"post_tag","embeddable":true,"href":"https:\/\/notidiario24.com.ar\/portalweb\/wp-json\/wp\/v2\/tags?post=4243"}],"curies":[{"name":"wp","href":"https:\/\/api.w.org\/{rel}","templated":true}]}}