{"id":4236,"date":"2025-05-31T19:49:39","date_gmt":"2025-05-31T19:49:39","guid":{"rendered":"https:\/\/notidiario24.com.ar\/portalweb\/?p=4236"},"modified":"2025-05-31T19:49:39","modified_gmt":"2025-05-31T19:49:39","slug":"patagonia-en-peligro-denuncian-abandono-estatal-desmantelamiento-industrial-y-amenaza-a-la-soberania-en-el-sur-argentino","status":"publish","type":"post","link":"https:\/\/notidiario24.com.ar\/portalweb\/2025\/05\/31\/patagonia-en-peligro-denuncian-abandono-estatal-desmantelamiento-industrial-y-amenaza-a-la-soberania-en-el-sur-argentino\/","title":{"rendered":"Patagonia en peligro: denuncian abandono estatal, desmantelamiento industrial y amenaza a la soberan\u00eda en el sur argentino"},"content":{"rendered":"\n<p>El sur del pa\u00eds enfrenta un escenario alarmante. La regi\u00f3n conformada por la Patagonia Austral, Tierra del Fuego, las Islas Malvinas y la Ant\u00e1rtida constituye una zona estrat\u00e9gica vital para el presente y futuro de la Naci\u00f3n. Sin embargo, denuncias recientes advierten sobre una pol\u00edtica deliberada de vaciamiento estatal y entrega territorial que pone en riesgo la soberan\u00eda argentina.<\/p>\n\n\n\n<!--more-->\n\n\n\n<p>Desde el Sindicato Regional de Luz y Fuerza de la Patagonia alertaron que el actual rumbo del gobierno nacional no solo amenaza el tejido productivo y social de Tierra del Fuego, sino que debilita gravemente la presencia argentina en uno de los territorios m\u00e1s disputados del planeta.<\/p>\n\n\n\n<h3 class=\"wp-block-heading\"><strong>Una regi\u00f3n clave para el futuro argentino<\/strong><\/h3>\n\n\n\n<p>La Patagonia es el punto natural para brindar log\u00edstica y energ\u00eda \u2014tanto f\u00f3sil como renovable\u2014 para la exploraci\u00f3n y posible explotaci\u00f3n de los recursos ant\u00e1rticos. La geograf\u00eda, la historia y el derecho internacional sostienen la proyecci\u00f3n argentina sobre el Atl\u00e1ntico Sur y la Ant\u00e1rtida. Pero la falta de presencia efectiva en esta regi\u00f3n podr\u00eda tener consecuencias irreversibles a partir de 2041, cuando finalice la vigencia de la cl\u00e1usula del Tratado Ant\u00e1rtico que congela las pretensiones territoriales.<\/p>\n\n\n\n<h3 class=\"wp-block-heading\"><strong>Controversias en el discurso oficial<\/strong><\/h3>\n\n\n\n<p>En el marco del IEFA Latam Forum, el jefe de asesores presidenciales Demian Reidel afirm\u00f3 que el \u201cproblema\u201d para explotar la Patagonia es que \u201cest\u00e1 poblada por argentinos\u201d. Una frase que gener\u00f3 fuerte repudio por su tono entreguista y que refuerza la preocupaci\u00f3n por el abandono estrat\u00e9gico del sur argentino.<\/p>\n\n\n\n<p>A esto se suma la ya conocida admiraci\u00f3n del presidente Javier Milei por la ex primera ministra brit\u00e1nica Margaret Thatcher, responsable del hundimiento del ARA General Belgrano durante la Guerra de Malvinas, donde murieron 323 soldados argentinos.<\/p>\n\n\n\n<h3 class=\"wp-block-heading\"><strong>Tierra del Fuego: desindustrializaci\u00f3n y retroceso poblacional<\/strong><\/h3>\n\n\n\n<p>Una de las medidas m\u00e1s preocupantes es el desfinanciamiento del R\u00e9gimen de Promoci\u00f3n Industrial de Tierra del Fuego (Ley 19.640), clave para el crecimiento poblacional y productivo de la provincia. Gracias a este r\u00e9gimen, la poblaci\u00f3n pas\u00f3 de 13.000 personas en 1970 a m\u00e1s de 185.000 en la actualidad. Hoy, el desmantelamiento del sistema pone en riesgo f\u00e1bricas, empleos y la estabilidad de miles de familias.<\/p>\n\n\n\n<p>La situaci\u00f3n se agrava con la decisi\u00f3n de YPF de abandonar 55 yacimientos petrol\u00edferos en la regi\u00f3n, afectando el desarrollo energ\u00e9tico, la presencia estatal y la soberan\u00eda sobre los recursos naturales del sur. La medida, ejecutada sin di\u00e1logo con los gobiernos provinciales, deja a cientos de trabajadores en la incertidumbre.<\/p>\n\n\n\n<h3 class=\"wp-block-heading\"><strong>Malvinas, OTAN y un avance extranjero sin respuesta<\/strong><\/h3>\n\n\n\n<p>Desde la guerra de 1982 y tras los Acuerdos de Madrid, el Reino Unido ampli\u00f3 su control en el Atl\u00e1ntico Sur de 20.000 km\u00b2 a m\u00e1s de 5 millones de km\u00b2. Hoy, mantiene una base militar en las Islas Malvinas con m\u00e1s de 2.000 soldados, sistemas de misiles y despliegue aeronaval, con respaldo de la OTAN.<\/p>\n\n\n\n<p>A esto se suma el saqueo sistem\u00e1tico de los recursos pesqueros y los planes de explotaci\u00f3n petrolera por parte de empresas brit\u00e1nicas, ante la pasividad del gobierno nacional, que incluso eval\u00faa la instalaci\u00f3n de una base naval conjunta con Estados Unidos en Ushuaia, sin abordar con firmeza la creciente militarizaci\u00f3n brit\u00e1nica en el Atl\u00e1ntico Sur.<\/p>\n\n\n\n<h3 class=\"wp-block-heading\"><strong>Una lucha que es de todos<\/strong><\/h3>\n\n\n\n<p>Mientras el Gobierno paraliza la obra p\u00fablica, genera despidos masivos y pone en riesgo las represas hidroel\u00e9ctricas en Santa Cruz, los trabajadores fueguinos \u2014con la UOM a la cabeza\u2014 llevan m\u00e1s de 12 d\u00edas de paro, defendiendo sus puestos de trabajo frente al cierre de f\u00e1bricas y el abandono estatal.<\/p>\n\n\n\n<p>Desde Luz y Fuerza afirman: <em>\u201cNo se trata solo de Tierra del Fuego. Si no reaccionamos ahora, ma\u00f1ana ser\u00e1 Santa Cruz, luego Chubut. Esta no es solo una pelea por empleo: es por la soberan\u00eda, por la dignidad y por el derecho a habitar nuestro suelo con trabajo y justicia social\u201d<\/em>.<\/p>\n\n\n\n<h3 class=\"wp-block-heading\"><strong>El dilema nacional: \u00bfsoberan\u00eda o entrega?<\/strong><\/h3>\n\n\n\n<p>El pa\u00eds se encuentra frente a una encrucijada hist\u00f3rica. O defiende sus recursos, su industria y su presencia en el territorio, o cede el control a intereses extranjeros. Desde el gremio remarcan: <em>\u201cLa soberan\u00eda no se declama, se defiende. La patria no se entrega, se construye con coraje. Tierra del Fuego es Argentina. Y la Patagonia no est\u00e1 en venta\u201d<\/em>.<\/p>\n\n\n\n<p><strong>\u201cEs ahora. Es todo. Es la Patria o nada.\u201d<\/strong><\/p>\n","protected":false},"excerpt":{"rendered":"<p>El sur del pa\u00eds enfrenta un escenario alarmante. La regi\u00f3n conformada por la Patagonia Austral, Tierra del Fuego,<\/p>\n","protected":false},"author":1,"featured_media":4237,"comment_status":"closed","ping_status":"closed","sticky":false,"template":"","format":"standard","meta":{"footnotes":""},"categories":[5,4],"tags":[],"class_list":["post-4236","post","type-post","status-publish","format-standard","has-post-thumbnail","hentry","category-nacionales","category-politica"],"_links":{"self":[{"href":"https:\/\/notidiario24.com.ar\/portalweb\/wp-json\/wp\/v2\/posts\/4236","targetHints":{"allow":["GET"]}}],"collection":[{"href":"https:\/\/notidiario24.com.ar\/portalweb\/wp-json\/wp\/v2\/posts"}],"about":[{"href":"https:\/\/notidiario24.com.ar\/portalweb\/wp-json\/wp\/v2\/types\/post"}],"author":[{"embeddable":true,"href":"https:\/\/notidiario24.com.ar\/portalweb\/wp-json\/wp\/v2\/users\/1"}],"replies":[{"embeddable":true,"href":"https:\/\/notidiario24.com.ar\/portalweb\/wp-json\/wp\/v2\/comments?post=4236"}],"version-history":[{"count":1,"href":"https:\/\/notidiario24.com.ar\/portalweb\/wp-json\/wp\/v2\/posts\/4236\/revisions"}],"predecessor-version":[{"id":4238,"href":"https:\/\/notidiario24.com.ar\/portalweb\/wp-json\/wp\/v2\/posts\/4236\/revisions\/4238"}],"wp:featuredmedia":[{"embeddable":true,"href":"https:\/\/notidiario24.com.ar\/portalweb\/wp-json\/wp\/v2\/media\/4237"}],"wp:attachment":[{"href":"https:\/\/notidiario24.com.ar\/portalweb\/wp-json\/wp\/v2\/media?parent=4236"}],"wp:term":[{"taxonomy":"category","embeddable":true,"href":"https:\/\/notidiario24.com.ar\/portalweb\/wp-json\/wp\/v2\/categories?post=4236"},{"taxonomy":"post_tag","embeddable":true,"href":"https:\/\/notidiario24.com.ar\/portalweb\/wp-json\/wp\/v2\/tags?post=4236"}],"curies":[{"name":"wp","href":"https:\/\/api.w.org\/{rel}","templated":true}]}}