{"id":4233,"date":"2025-05-31T19:44:17","date_gmt":"2025-05-31T19:44:17","guid":{"rendered":"https:\/\/notidiario24.com.ar\/portalweb\/?p=4233"},"modified":"2025-05-31T19:44:18","modified_gmt":"2025-05-31T19:44:18","slug":"denuncian-graves-irregularidades-en-el-tribunal-de-cuentas-durante-gestiones-anteriores","status":"publish","type":"post","link":"https:\/\/notidiario24.com.ar\/portalweb\/2025\/05\/31\/denuncian-graves-irregularidades-en-el-tribunal-de-cuentas-durante-gestiones-anteriores\/","title":{"rendered":"Denuncian graves irregularidades en el Tribunal de Cuentas durante gestiones anteriores"},"content":{"rendered":"\n<p>La presidenta del Tribunal de Cuentas de Santa Cruz, Gabriela Castro, present\u00f3 un informe ante la Legislatura provincial en el que advierte sobre \u201cgraves irregularidades\u201d en el funcionamiento del organismo durante los \u00faltimos a\u00f1os. El documento, calificado como \u201calarmante\u201d, detalla demoras en resoluciones, falta de auditor\u00edas, expedientes paralizados y restricciones de acceso a la informaci\u00f3n.<\/p>\n\n\n\n<!--more-->\n\n\n\n<p>Seg\u00fan se inform\u00f3 oficialmente desde el Gobierno provincial y la C\u00e1mara de Diputados, el informe ingres\u00f3 formalmente al Poder Legislativo y fue compartido por el vicegobernador Fabi\u00e1n Leguizam\u00f3n. En \u00e9l, Castro tambi\u00e9n alert\u00f3 sobre la imposibilidad de tomar decisiones urgentes debido a la falta de mayor\u00eda interna en el Tribunal.<\/p>\n\n\n\n<p>El comunicado oficial se\u00f1ala que actualmente dos de las tres vocal\u00edas correspondientes al Ejecutivo est\u00e1n ocupadas por Matilde Morales y Romina Gait\u00e1n, designadas en 2017 durante la gesti\u00f3n de Alicia Kirchner. En tanto, la vocal por la primera minor\u00eda pol\u00edtica, Karina S\u00e1ul, fue nombrada en 2023 y es esposa del exvicegobernador Pablo Gonz\u00e1lez.<\/p>\n\n\n\n<p>Entre los datos m\u00e1s relevantes, se detalla que en la Vocal\u00eda de Entes Municipales (a cargo de Gait\u00e1n) existen 146 juicios de cuentas en tr\u00e1mite y que 79 expedientes iniciados entre 2020 y 2023 a\u00fan no fueron resueltos. Adem\u00e1s, ning\u00fan municipio present\u00f3 la rendici\u00f3n correspondiente al ejercicio 2023.<\/p>\n\n\n\n<p>En la Vocal\u00eda de Empresas del Estado (bajo la responsabilidad de Morales), un 22% de los expedientes no figura en el sistema de gesti\u00f3n, con casos que datan incluso de entre 2014 y 2016.<\/p>\n\n\n\n<p>Desde la presidencia de la C\u00e1mara de Diputados se adelant\u00f3 que se impulsar\u00e1n acciones legislativas para abordar estas falencias, al considerar que representan una grave falla en los mecanismos de control del gasto p\u00fablico.<\/p>\n\n\n\n<p>Por su parte, la Secretar\u00eda de Medios del gobierno provincial subray\u00f3 que la titular del Tribunal consider\u00f3 que este escenario de abandono es \u201cuna consecuencia directa de decisiones tomadas por los propios miembros del organismo, quienes, con negligencia y morosidad en sus funciones, han transformado al Tribunal de Cuentas en una instituci\u00f3n que solo aparenta cumplir su rol de control sobre el Estado\u201d.<\/p>\n","protected":false},"excerpt":{"rendered":"<p>La presidenta del Tribunal de Cuentas de Santa Cruz, Gabriela Castro, present\u00f3 un informe ante la Legislatura provincial<\/p>\n","protected":false},"author":1,"featured_media":4234,"comment_status":"closed","ping_status":"closed","sticky":false,"template":"","format":"standard","meta":{"footnotes":""},"categories":[4],"tags":[],"class_list":["post-4233","post","type-post","status-publish","format-standard","has-post-thumbnail","hentry","category-politica"],"_links":{"self":[{"href":"https:\/\/notidiario24.com.ar\/portalweb\/wp-json\/wp\/v2\/posts\/4233","targetHints":{"allow":["GET"]}}],"collection":[{"href":"https:\/\/notidiario24.com.ar\/portalweb\/wp-json\/wp\/v2\/posts"}],"about":[{"href":"https:\/\/notidiario24.com.ar\/portalweb\/wp-json\/wp\/v2\/types\/post"}],"author":[{"embeddable":true,"href":"https:\/\/notidiario24.com.ar\/portalweb\/wp-json\/wp\/v2\/users\/1"}],"replies":[{"embeddable":true,"href":"https:\/\/notidiario24.com.ar\/portalweb\/wp-json\/wp\/v2\/comments?post=4233"}],"version-history":[{"count":1,"href":"https:\/\/notidiario24.com.ar\/portalweb\/wp-json\/wp\/v2\/posts\/4233\/revisions"}],"predecessor-version":[{"id":4235,"href":"https:\/\/notidiario24.com.ar\/portalweb\/wp-json\/wp\/v2\/posts\/4233\/revisions\/4235"}],"wp:featuredmedia":[{"embeddable":true,"href":"https:\/\/notidiario24.com.ar\/portalweb\/wp-json\/wp\/v2\/media\/4234"}],"wp:attachment":[{"href":"https:\/\/notidiario24.com.ar\/portalweb\/wp-json\/wp\/v2\/media?parent=4233"}],"wp:term":[{"taxonomy":"category","embeddable":true,"href":"https:\/\/notidiario24.com.ar\/portalweb\/wp-json\/wp\/v2\/categories?post=4233"},{"taxonomy":"post_tag","embeddable":true,"href":"https:\/\/notidiario24.com.ar\/portalweb\/wp-json\/wp\/v2\/tags?post=4233"}],"curies":[{"name":"wp","href":"https:\/\/api.w.org\/{rel}","templated":true}]}}