{"id":4230,"date":"2025-05-31T19:40:49","date_gmt":"2025-05-31T19:40:49","guid":{"rendered":"https:\/\/notidiario24.com.ar\/portalweb\/?p=4230"},"modified":"2025-05-31T19:40:49","modified_gmt":"2025-05-31T19:40:49","slug":"nuevo-regimen-migratorio-emparejemos-para-arriba-no-disminuyamos-derechos","status":"publish","type":"post","link":"https:\/\/notidiario24.com.ar\/portalweb\/2025\/05\/31\/nuevo-regimen-migratorio-emparejemos-para-arriba-no-disminuyamos-derechos\/","title":{"rendered":"Nuevo r\u00e9gimen migratorio: \u201cEmparejemos para arriba, no disminuyamos derechos\u201d"},"content":{"rendered":"\n<p>El nuevo r\u00e9gimen migratorio implementado por el Gobierno Nacional gener\u00f3 repercusiones en distintos sectores del pa\u00eds. En R\u00edo Gallegos, Pedro D\u00edaz, referente de la Asociaci\u00f3n Centro Chileno, cuestion\u00f3 los cambios establecidos y reclam\u00f3 mayor equidad en el tratamiento hacia los inmigrantes.<\/p>\n\n\n\n<!--more-->\n\n\n\n<p>Seg\u00fan expres\u00f3, las medidas adoptadas por el Ejecutivo \u201cno solo buscan restringir el acceso a la inmigraci\u00f3n\u201d, sino que tambi\u00e9n estar\u00edan orientadas a generar recursos \u201ca trav\u00e9s de un enfoque mercantilista\u201d. D\u00edaz calific\u00f3 la nueva normativa como una decisi\u00f3n que carece de sensibilidad social.<\/p>\n\n\n\n<p>En relaci\u00f3n con el cobro de aranceles a estudiantes extranjeros, afirm\u00f3 que se trata de un planteo sin sustento real, ya que \u201clos extranjeros no llegan ni al dos por ciento del total de estudiantes universitarios en el pa\u00eds\u201d. Adem\u00e1s, plante\u00f3 una situaci\u00f3n concreta para ilustrar su postura: \u201cEn un aula con 20 estudiantes, si hay uno extranjero, \u00bfse le va a pedir que se retire o no se dar\u00e1 la clase por su presencia?\u201d.<\/p>\n\n\n\n<p>El dirigente tambi\u00e9n se mostr\u00f3 de acuerdo en que el Estado tiene derecho a restringir el ingreso de personas con antecedentes penales. Sin embargo, remarc\u00f3 que el resto de las medidas implican \u201cuna falta de empat\u00eda y solidaridad\u201d, en un contexto donde se necesitan respuestas humanas frente a las dificultades sociales.<\/p>\n\n\n\n<p>D\u00edaz destac\u00f3 que Argentina cuenta con mecanismos de integraci\u00f3n binacional, especialmente con pa\u00edses vecinos como Chile, y consider\u00f3 necesario que se exijan reciprocidades. \u201cSi Argentina brinda acceso a salud, educaci\u00f3n y otros servicios a ciudadanos extranjeros, entonces debe plantear que los mismos beneficios se otorguen a los argentinos que cruzan la frontera\u201d, se\u00f1al\u00f3.<\/p>\n\n\n\n<p>Finalmente, insisti\u00f3 en la necesidad de ampliar el enfoque: \u201cNo se trata de reducir derechos, sino de elevar el est\u00e1ndar de trato y dignidad. Acordemos para arriba, emparejemos para arriba, porque si no seguimos retrocediendo como sociedad\u201d.<\/p>\n","protected":false},"excerpt":{"rendered":"<p>El nuevo r\u00e9gimen migratorio implementado por el Gobierno Nacional gener\u00f3 repercusiones en distintos sectores del pa\u00eds. En R\u00edo<\/p>\n","protected":false},"author":1,"featured_media":4231,"comment_status":"closed","ping_status":"closed","sticky":false,"template":"","format":"standard","meta":{"footnotes":""},"categories":[3],"tags":[],"class_list":["post-4230","post","type-post","status-publish","format-standard","has-post-thumbnail","hentry","category-generales"],"_links":{"self":[{"href":"https:\/\/notidiario24.com.ar\/portalweb\/wp-json\/wp\/v2\/posts\/4230","targetHints":{"allow":["GET"]}}],"collection":[{"href":"https:\/\/notidiario24.com.ar\/portalweb\/wp-json\/wp\/v2\/posts"}],"about":[{"href":"https:\/\/notidiario24.com.ar\/portalweb\/wp-json\/wp\/v2\/types\/post"}],"author":[{"embeddable":true,"href":"https:\/\/notidiario24.com.ar\/portalweb\/wp-json\/wp\/v2\/users\/1"}],"replies":[{"embeddable":true,"href":"https:\/\/notidiario24.com.ar\/portalweb\/wp-json\/wp\/v2\/comments?post=4230"}],"version-history":[{"count":1,"href":"https:\/\/notidiario24.com.ar\/portalweb\/wp-json\/wp\/v2\/posts\/4230\/revisions"}],"predecessor-version":[{"id":4232,"href":"https:\/\/notidiario24.com.ar\/portalweb\/wp-json\/wp\/v2\/posts\/4230\/revisions\/4232"}],"wp:featuredmedia":[{"embeddable":true,"href":"https:\/\/notidiario24.com.ar\/portalweb\/wp-json\/wp\/v2\/media\/4231"}],"wp:attachment":[{"href":"https:\/\/notidiario24.com.ar\/portalweb\/wp-json\/wp\/v2\/media?parent=4230"}],"wp:term":[{"taxonomy":"category","embeddable":true,"href":"https:\/\/notidiario24.com.ar\/portalweb\/wp-json\/wp\/v2\/categories?post=4230"},{"taxonomy":"post_tag","embeddable":true,"href":"https:\/\/notidiario24.com.ar\/portalweb\/wp-json\/wp\/v2\/tags?post=4230"}],"curies":[{"name":"wp","href":"https:\/\/api.w.org\/{rel}","templated":true}]}}