{"id":4226,"date":"2025-05-31T19:15:10","date_gmt":"2025-05-31T19:15:10","guid":{"rendered":"https:\/\/notidiario24.com.ar\/portalweb\/?p=4226"},"modified":"2025-05-31T19:15:11","modified_gmt":"2025-05-31T19:15:11","slug":"impulsan-en-el-congreso-una-ley-para-financiar-a-las-universidades-publicas","status":"publish","type":"post","link":"https:\/\/notidiario24.com.ar\/portalweb\/2025\/05\/31\/impulsan-en-el-congreso-una-ley-para-financiar-a-las-universidades-publicas\/","title":{"rendered":"Impulsan en el Congreso una ley para financiar a las universidades p\u00fablicas"},"content":{"rendered":"\n<p>Durante una reuni\u00f3n de la Comisi\u00f3n de Educaci\u00f3n de la C\u00e1mara de Diputados, legisladores y legisladoras de distintos bloques recibieron a representantes de la comunidad universitaria \u2014rectores, docentes y estudiantes\u2014 quienes presentaron una iniciativa para enfrentar el desfinanciamiento que afecta a las universidades p\u00fablicas del pa\u00eds.<\/p>\n\n\n\n<!--more-->\n\n\n\n<p>Como resultado del encuentro, se acord\u00f3 ingresar formalmente un <strong>Proyecto de Ley de Financiamiento de la Educaci\u00f3n Universitaria<\/strong> y avanzar en su tratamiento parlamentario. El objetivo es que las comisiones de Educaci\u00f3n y de Presupuesto dictaminen la iniciativa para que pueda ser votada el pr\u00f3ximo <strong>18 de junio<\/strong> en el recinto.<\/p>\n\n\n\n<p>En ese marco, se destac\u00f3 el di\u00e1logo con <strong>Lidia Blanco<\/strong>, rectora de la Universidad Nacional de la Patagonia San Juan Bosco, quien confirm\u00f3 que avanzan las gestiones para que la <strong>carrera de Medicina<\/strong> se dicte en el <strong>Centro Universitario de El Calafate (CUNEC)<\/strong>. La propuesta cuenta con la acreditaci\u00f3n de la CONEAU, otorgada a fines del a\u00f1o pasado, y fue respaldada por una nota enviada por el intendente de El Calafate al Consejo Regional de Planificaci\u00f3n de la Educaci\u00f3n Superior (CPRES) SUR.<\/p>\n\n\n\n<p>Por otro lado, durante la reuni\u00f3n tambi\u00e9n se manifest\u00f3 preocupaci\u00f3n por la intervenci\u00f3n del Gobierno Nacional sobre la <strong>Universidad de las Madres de Plaza de Mayo<\/strong>, y se reafirm\u00f3 el compromiso de defender la continuidad institucional de esa casa de estudios desde el Congreso.<\/p>\n\n\n\n<figure class=\"wp-block-image size-large\"><img loading=\"lazy\" decoding=\"async\" width=\"1024\" height=\"757\" src=\"https:\/\/notidiario24.com.ar\/portalweb\/wp-content\/uploads\/2025\/05\/500786707_1156800302918891_8934849800421856952_n-1024x757.jpg\" alt=\"\" class=\"wp-image-4227\" srcset=\"https:\/\/notidiario24.com.ar\/portalweb\/wp-content\/uploads\/2025\/05\/500786707_1156800302918891_8934849800421856952_n-1024x757.jpg 1024w, https:\/\/notidiario24.com.ar\/portalweb\/wp-content\/uploads\/2025\/05\/500786707_1156800302918891_8934849800421856952_n-300x222.jpg 300w, https:\/\/notidiario24.com.ar\/portalweb\/wp-content\/uploads\/2025\/05\/500786707_1156800302918891_8934849800421856952_n-768x568.jpg 768w, https:\/\/notidiario24.com.ar\/portalweb\/wp-content\/uploads\/2025\/05\/500786707_1156800302918891_8934849800421856952_n-1536x1136.jpg 1536w, https:\/\/notidiario24.com.ar\/portalweb\/wp-content\/uploads\/2025\/05\/500786707_1156800302918891_8934849800421856952_n.jpg 2048w\" sizes=\"auto, (max-width: 1024px) 100vw, 1024px\" \/><\/figure>\n","protected":false},"excerpt":{"rendered":"<p>Durante una reuni\u00f3n de la Comisi\u00f3n de Educaci\u00f3n de la C\u00e1mara de Diputados, legisladores y legisladoras de distintos<\/p>\n","protected":false},"author":1,"featured_media":4228,"comment_status":"closed","ping_status":"closed","sticky":false,"template":"","format":"standard","meta":{"footnotes":""},"categories":[4],"tags":[],"class_list":["post-4226","post","type-post","status-publish","format-standard","has-post-thumbnail","hentry","category-politica"],"_links":{"self":[{"href":"https:\/\/notidiario24.com.ar\/portalweb\/wp-json\/wp\/v2\/posts\/4226","targetHints":{"allow":["GET"]}}],"collection":[{"href":"https:\/\/notidiario24.com.ar\/portalweb\/wp-json\/wp\/v2\/posts"}],"about":[{"href":"https:\/\/notidiario24.com.ar\/portalweb\/wp-json\/wp\/v2\/types\/post"}],"author":[{"embeddable":true,"href":"https:\/\/notidiario24.com.ar\/portalweb\/wp-json\/wp\/v2\/users\/1"}],"replies":[{"embeddable":true,"href":"https:\/\/notidiario24.com.ar\/portalweb\/wp-json\/wp\/v2\/comments?post=4226"}],"version-history":[{"count":1,"href":"https:\/\/notidiario24.com.ar\/portalweb\/wp-json\/wp\/v2\/posts\/4226\/revisions"}],"predecessor-version":[{"id":4229,"href":"https:\/\/notidiario24.com.ar\/portalweb\/wp-json\/wp\/v2\/posts\/4226\/revisions\/4229"}],"wp:featuredmedia":[{"embeddable":true,"href":"https:\/\/notidiario24.com.ar\/portalweb\/wp-json\/wp\/v2\/media\/4228"}],"wp:attachment":[{"href":"https:\/\/notidiario24.com.ar\/portalweb\/wp-json\/wp\/v2\/media?parent=4226"}],"wp:term":[{"taxonomy":"category","embeddable":true,"href":"https:\/\/notidiario24.com.ar\/portalweb\/wp-json\/wp\/v2\/categories?post=4226"},{"taxonomy":"post_tag","embeddable":true,"href":"https:\/\/notidiario24.com.ar\/portalweb\/wp-json\/wp\/v2\/tags?post=4226"}],"curies":[{"name":"wp","href":"https:\/\/api.w.org\/{rel}","templated":true}]}}