{"id":4216,"date":"2025-05-31T18:57:37","date_gmt":"2025-05-31T18:57:37","guid":{"rendered":"https:\/\/notidiario24.com.ar\/portalweb\/?p=4216"},"modified":"2025-05-31T18:57:37","modified_gmt":"2025-05-31T18:57:37","slug":"piedra-buena-impulsa-un-taller-de-reproduccion-de-plantas-nativas-para-restaurar-areas-degradadas","status":"publish","type":"post","link":"https:\/\/notidiario24.com.ar\/portalweb\/2025\/05\/31\/piedra-buena-impulsa-un-taller-de-reproduccion-de-plantas-nativas-para-restaurar-areas-degradadas\/","title":{"rendered":"Piedra Buena impulsa un taller de reproducci\u00f3n de plantas nativas para restaurar \u00e1reas degradadas"},"content":{"rendered":"\n<p>Desde el \u00e1rea de Medio Ambiente de Comandante Luis Piedra Buena se est\u00e1 organizando un <strong>taller de reproducci\u00f3n de plantas nativas de la estepa patag\u00f3nica<\/strong>, con el objetivo de iniciar acciones concretas para <strong>restaurar zonas degradadas<\/strong> y promover una mayor conciencia ecol\u00f3gica en la comunidad.<\/p>\n\n\n\n<!--more-->\n\n\n\n<p>El <strong>coordinador medioambiental<\/strong>, Franco Lezcano, explic\u00f3 que recientemente se incorpor\u00f3 un <strong>invern\u00e1culo municipal<\/strong>, herramienta clave para avanzar en este tipo de proyectos. \u201cUno de los primeros pasos es comenzar con la reproducci\u00f3n de especies nativas para su posterior utilizaci\u00f3n en la recuperaci\u00f3n de espacios deteriorados\u201d, afirm\u00f3.<\/p>\n\n\n\n<p>Este taller est\u00e1 pensado tanto para el <strong>personal municipal<\/strong> como para <strong>la comunidad en general<\/strong>. \u201cEs una oportunidad para compartir conocimientos y acercar a los vecinos a la naturaleza. En Piedra Buena muchas familias tienen \u00e1rboles y frutales en sus hogares, por eso estos espacios generan un v\u00ednculo especial con el entorno\u201d, destac\u00f3.<\/p>\n\n\n\n<p>En ese sentido, Lezcano se\u00f1al\u00f3 que la localidad tiene una fuerte tradici\u00f3n de cuidado ambiental, aunque en el pasado no se hab\u00eda profundizado lo suficiente en pol\u00edticas p\u00fablicas sostenidas. \u201cCon esta nueva gesti\u00f3n se viene trabajando con fuerza en temas estructurales como la <strong>recolecci\u00f3n diferenciada de residuos<\/strong>, y se est\u00e1 avanzando en la <strong>posibilidad de contar con una planta de tratamiento<\/strong> o un sistema adecuado que garantice una correcta disposici\u00f3n final de los desechos\u201d, indic\u00f3.<\/p>\n\n\n\n<p>Respecto a otras problem\u00e1ticas, mencion\u00f3 que <strong>la tenencia responsable de mascotas<\/strong> es un eje en el que se sigue trabajando, diferenciando la situaci\u00f3n local de la que se vive en otras ciudades m\u00e1s grandes, como R\u00edo Gallegos. Adem\u00e1s, se est\u00e1n profundizando las <strong>jornadas de castraci\u00f3n<\/strong> y campa\u00f1as de concientizaci\u00f3n.<\/p>\n\n\n\n<p>Por \u00faltimo, Lezcano hizo referencia al estado del <strong>puente sobre el R\u00edo Santa Cruz<\/strong>, destacando su preocupaci\u00f3n por el deterioro progresivo de la estructura. Si bien reconoci\u00f3 que se trata de una cuesti\u00f3n de competencia nacional, asegur\u00f3 que ya se han realizado <strong>todas las presentaciones formales necesarias<\/strong>. \u201cSi esto dependiera de nosotros, ya se habr\u00eda resuelto. Esperamos que las autoridades correspondientes tomen cartas en el asunto cuanto antes\u201d, concluy\u00f3.<\/p>\n","protected":false},"excerpt":{"rendered":"<p>Desde el \u00e1rea de Medio Ambiente de Comandante Luis Piedra Buena se est\u00e1 organizando un taller de reproducci\u00f3n<\/p>\n","protected":false},"author":1,"featured_media":4218,"comment_status":"closed","ping_status":"closed","sticky":false,"template":"","format":"standard","meta":{"footnotes":""},"categories":[3],"tags":[],"class_list":["post-4216","post","type-post","status-publish","format-standard","has-post-thumbnail","hentry","category-generales"],"_links":{"self":[{"href":"https:\/\/notidiario24.com.ar\/portalweb\/wp-json\/wp\/v2\/posts\/4216","targetHints":{"allow":["GET"]}}],"collection":[{"href":"https:\/\/notidiario24.com.ar\/portalweb\/wp-json\/wp\/v2\/posts"}],"about":[{"href":"https:\/\/notidiario24.com.ar\/portalweb\/wp-json\/wp\/v2\/types\/post"}],"author":[{"embeddable":true,"href":"https:\/\/notidiario24.com.ar\/portalweb\/wp-json\/wp\/v2\/users\/1"}],"replies":[{"embeddable":true,"href":"https:\/\/notidiario24.com.ar\/portalweb\/wp-json\/wp\/v2\/comments?post=4216"}],"version-history":[{"count":1,"href":"https:\/\/notidiario24.com.ar\/portalweb\/wp-json\/wp\/v2\/posts\/4216\/revisions"}],"predecessor-version":[{"id":4219,"href":"https:\/\/notidiario24.com.ar\/portalweb\/wp-json\/wp\/v2\/posts\/4216\/revisions\/4219"}],"wp:featuredmedia":[{"embeddable":true,"href":"https:\/\/notidiario24.com.ar\/portalweb\/wp-json\/wp\/v2\/media\/4218"}],"wp:attachment":[{"href":"https:\/\/notidiario24.com.ar\/portalweb\/wp-json\/wp\/v2\/media?parent=4216"}],"wp:term":[{"taxonomy":"category","embeddable":true,"href":"https:\/\/notidiario24.com.ar\/portalweb\/wp-json\/wp\/v2\/categories?post=4216"},{"taxonomy":"post_tag","embeddable":true,"href":"https:\/\/notidiario24.com.ar\/portalweb\/wp-json\/wp\/v2\/tags?post=4216"}],"curies":[{"name":"wp","href":"https:\/\/api.w.org\/{rel}","templated":true}]}}