{"id":4210,"date":"2025-05-31T18:23:16","date_gmt":"2025-05-31T18:23:16","guid":{"rendered":"https:\/\/notidiario24.com.ar\/portalweb\/?p=4210"},"modified":"2025-05-31T18:23:17","modified_gmt":"2025-05-31T18:23:17","slug":"rio-turbio-se-prepara-para-la-gran-apertura-de-la-temproada-de-invierno-2025","status":"publish","type":"post","link":"https:\/\/notidiario24.com.ar\/portalweb\/2025\/05\/31\/rio-turbio-se-prepara-para-la-gran-apertura-de-la-temproada-de-invierno-2025\/","title":{"rendered":"R\u00edo Turbio se prepara para la gran apertura de la Temproada de Invierno 2025"},"content":{"rendered":"\n<p>El pr\u00f3ximo <strong>viernes 6 de junio<\/strong>, R\u00edo Turbio celebrar\u00e1 la <strong>Gran Apertura de la Temporada Tur\u00edstica de Invierno 2025<\/strong> en la explanada de estacionamiento junto a la emblem\u00e1tica <strong>Plaza del Reloj<\/strong>. El evento reunir\u00e1 propuestas tur\u00edsticas de distintos municipios, m\u00fasica en vivo, cocina regional, y stands de artesanos y emprendedores locales.<\/p>\n\n\n\n<!--more-->\n\n\n\n<p>Desde la Direcci\u00f3n de Turismo de R\u00edo Turbio confirmaron que se trata de un festejo pensado \u201ca lo grande\u201d, con un formato que combina espect\u00e1culos, promoci\u00f3n tur\u00edstica y producci\u00f3n local. \u201cEl escenario ser\u00e1 un complemento: los verdaderos protagonistas son los gastron\u00f3micos, los artesanos y los stands tur\u00edsticos\u201d, se\u00f1alaron.<\/p>\n\n\n\n<p>Tambi\u00e9n se eval\u00faa instalar una <strong>tirolesa<\/strong>, en articulaci\u00f3n con la agencia Kosten, uno de los prestadores de turismo locales, para ofrecer una experiencia m\u00e1s din\u00e1mica durante la jornada.<\/p>\n\n\n\n<p>Estar\u00e1n presentes los municipios de <strong>R\u00edo Gallegos, 28 de Noviembre, R\u00edo Turbio<\/strong>, y se espera la confirmaci\u00f3n de <strong>Puerto Natales<\/strong>.<\/p>\n\n\n\n<p>Adem\u00e1s, se pondr\u00e1 en valor uno de los mayores atractivos de la ciudad: su pista de esqu\u00ed, la \u00fanica en funcionamiento en toda la provincia. \u201cR\u00edo Turbio es la capital provincial de la nieve y el deporte invernal, y queremos destacarlo. Nuestra pista est\u00e1 en un punto estrat\u00e9gico y tiene una de las nieves de mejor calidad y m\u00e1s seguras\u201d, afirmaron desde el \u00e1rea de turismo.<\/p>\n\n\n\n<p>El evento comenzar\u00e1 a las <strong>18:00 hs<\/strong> con cocina en vivo y degustaciones gastron\u00f3micas. Luego se realizar\u00e1 la <strong>apertura simb\u00f3lica de la temporada<\/strong>, y los carritos y stands permanecer\u00e1n abiertos hasta las <strong>24:00 hs<\/strong>.<\/p>\n\n\n\n<p>Una propuesta para disfrutar en familia, dar la bienvenida al invierno y descubrir todo el potencial tur\u00edstico de la Cuenca Carbon\u00edfera.<\/p>\n\n\n\n<figure class=\"wp-block-image size-full\"><img decoding=\"async\" src=\"https:\/\/lavozdesantacruz.com.ar\/wp-content\/uploads\/2025\/05\/499148303_1122924519870250_5095324551182745819_n-819x1024-1.jpg\" alt=\"\" class=\"wp-image-3824\"\/><\/figure>\n\n\n\n<p><\/p>\n","protected":false},"excerpt":{"rendered":"<p>El pr\u00f3ximo viernes 6 de junio, R\u00edo Turbio celebrar\u00e1 la Gran Apertura de la Temporada Tur\u00edstica de Invierno<\/p>\n","protected":false},"author":1,"featured_media":4211,"comment_status":"closed","ping_status":"closed","sticky":false,"template":"","format":"standard","meta":{"footnotes":""},"categories":[3],"tags":[],"class_list":["post-4210","post","type-post","status-publish","format-standard","has-post-thumbnail","hentry","category-generales"],"_links":{"self":[{"href":"https:\/\/notidiario24.com.ar\/portalweb\/wp-json\/wp\/v2\/posts\/4210","targetHints":{"allow":["GET"]}}],"collection":[{"href":"https:\/\/notidiario24.com.ar\/portalweb\/wp-json\/wp\/v2\/posts"}],"about":[{"href":"https:\/\/notidiario24.com.ar\/portalweb\/wp-json\/wp\/v2\/types\/post"}],"author":[{"embeddable":true,"href":"https:\/\/notidiario24.com.ar\/portalweb\/wp-json\/wp\/v2\/users\/1"}],"replies":[{"embeddable":true,"href":"https:\/\/notidiario24.com.ar\/portalweb\/wp-json\/wp\/v2\/comments?post=4210"}],"version-history":[{"count":1,"href":"https:\/\/notidiario24.com.ar\/portalweb\/wp-json\/wp\/v2\/posts\/4210\/revisions"}],"predecessor-version":[{"id":4212,"href":"https:\/\/notidiario24.com.ar\/portalweb\/wp-json\/wp\/v2\/posts\/4210\/revisions\/4212"}],"wp:featuredmedia":[{"embeddable":true,"href":"https:\/\/notidiario24.com.ar\/portalweb\/wp-json\/wp\/v2\/media\/4211"}],"wp:attachment":[{"href":"https:\/\/notidiario24.com.ar\/portalweb\/wp-json\/wp\/v2\/media?parent=4210"}],"wp:term":[{"taxonomy":"category","embeddable":true,"href":"https:\/\/notidiario24.com.ar\/portalweb\/wp-json\/wp\/v2\/categories?post=4210"},{"taxonomy":"post_tag","embeddable":true,"href":"https:\/\/notidiario24.com.ar\/portalweb\/wp-json\/wp\/v2\/tags?post=4210"}],"curies":[{"name":"wp","href":"https:\/\/api.w.org\/{rel}","templated":true}]}}