{"id":2851,"date":"2025-01-24T12:58:18","date_gmt":"2025-01-24T12:58:18","guid":{"rendered":"https:\/\/notidiario24.com.ar\/portalweb\/?p=2851"},"modified":"2025-01-24T13:43:09","modified_gmt":"2025-01-24T13:43:09","slug":"concejales-ojeda-y-tobares-destacan-desafios-y-propuestas-para-rio-gallegos-en-lu14-am-830","status":"publish","type":"post","link":"https:\/\/notidiario24.com.ar\/portalweb\/2025\/01\/24\/concejales-ojeda-y-tobares-destacan-desafios-y-propuestas-para-rio-gallegos-en-lu14-am-830\/","title":{"rendered":"Concejales Ojeda y Tobares destacan desaf\u00edos y propuestas para R\u00edo Gallegos en LU14 AM 830"},"content":{"rendered":"\n<p>En una entrevista en el programa Arriba Santa Cruz que se emite de lunes a viernes de 8 a 10 de la ma\u00f1ana por LU14 Radio Provincia, las concejales de R\u00edo Gallegos, Victoria Ojeda y Guiliana Tobares, expusieron sus perspectivas sobre diversos temas que afectan a la ciudad y detallaron las propuestas en las que trabajan desde el Concejo Deliberante.<\/p>\n\n\n\n<!--more-->\n\n\n\n<p>Entre los puntos tratados, abordaron la problem\u00e1tica del tr\u00e1nsito y el caos vehicular, destacando la necesidad de mayor presencia de agentes municipales. \u201cNo se trata solo de recaudar, sino de marcar presencia y generar conciencia\u201d, subray\u00f3 Ojeda, quien hizo hincapi\u00e9 en la importancia de controles estrat\u00e9gicos en puntos clave como escuelas y avenidas. Ambas se\u00f1alaron la falta de personal y capacitaci\u00f3n en el \u00e1rea, lo que dificulta una cobertura adecuada.<\/p>\n\n\n\n<p>En cuanto a la educaci\u00f3n vial, Tobares propuso reforzar los programas en las escuelas desde edades tempranas: \u201cLos ni\u00f1os ya incorporan reglas como usar el cintur\u00f3n o respetar sem\u00e1foros, pero necesitamos fortalecer esto a nivel comunitario\u201d.<\/p>\n\n\n\n<p>Tambi\u00e9n criticaron la implementaci\u00f3n de proyectos como la Guardia Urbana, se\u00f1alando que su ejecuci\u00f3n se realiz\u00f3 sin aprobaci\u00f3n legislativa y cuestionaron su utilidad real: \u201cNo tiene facultades concretas y representa un gasto que podr\u00eda haberse destinado a fortalecer \u00e1reas prioritarias como tr\u00e1nsito\u201d, agreg\u00f3 Tobares.<\/p>\n\n\n\n<p>Sobre la tarifaria y el presupuesto municipal, las ediles fueron contundentes al expresar su rechazo. Ojeda explic\u00f3 que el aumento del m\u00f3dulo impact\u00f3 un 136% en los impuestos municipales, golpeando a los vecinos. Adem\u00e1s, enfatizaron la falta de transparencia en los gastos y el uso de los aportes de las cajas de previsi\u00f3n y servicios sociales para financiar el d\u00e9ficit municipal.<\/p>\n\n\n\n<p>Por \u00faltimo, las concejales dejaron en claro su compromiso de trabajar y acompa\u00f1ar a los vecinos en este periodo 2025: \u201cEstamos ac\u00e1 para defender sus intereses y asegurar que se respeten sus derechos, especialmente en temas sensibles como las exenciones para personas con discapacidad\u201d, concluy\u00f3 Ojeda<\/p>\n\n\n\n<p>NOTA COMPLETA:<\/p>\n\n\n\n<iframe loading=\"lazy\" src=\"https:\/\/www.facebook.com\/plugins\/video.php?height=476&#038;href=https%3A%2F%2Fwww.facebook.com%2FLU14RadioProvincia%2Fvideos%2F922958589819979%2F&#038;show_text=false&#038;width=267&#038;t=0\" width=\"267\" height=\"476\" style=\"border:none;overflow:hidden\" scrolling=\"no\" frameborder=\"0\" allowfullscreen=\"true\" allow=\"autoplay; clipboard-write; encrypted-media; picture-in-picture; web-share\" allowFullScreen=\"true\"><\/iframe>\n","protected":false},"excerpt":{"rendered":"<p>En una entrevista en el programa Arriba Santa Cruz que se emite de lunes a viernes de 8<\/p>\n","protected":false},"author":1,"featured_media":2852,"comment_status":"closed","ping_status":"closed","sticky":false,"template":"","format":"standard","meta":{"footnotes":""},"categories":[4],"tags":[],"class_list":["post-2851","post","type-post","status-publish","format-standard","has-post-thumbnail","hentry","category-politica"],"_links":{"self":[{"href":"https:\/\/notidiario24.com.ar\/portalweb\/wp-json\/wp\/v2\/posts\/2851","targetHints":{"allow":["GET"]}}],"collection":[{"href":"https:\/\/notidiario24.com.ar\/portalweb\/wp-json\/wp\/v2\/posts"}],"about":[{"href":"https:\/\/notidiario24.com.ar\/portalweb\/wp-json\/wp\/v2\/types\/post"}],"author":[{"embeddable":true,"href":"https:\/\/notidiario24.com.ar\/portalweb\/wp-json\/wp\/v2\/users\/1"}],"replies":[{"embeddable":true,"href":"https:\/\/notidiario24.com.ar\/portalweb\/wp-json\/wp\/v2\/comments?post=2851"}],"version-history":[{"count":2,"href":"https:\/\/notidiario24.com.ar\/portalweb\/wp-json\/wp\/v2\/posts\/2851\/revisions"}],"predecessor-version":[{"id":2855,"href":"https:\/\/notidiario24.com.ar\/portalweb\/wp-json\/wp\/v2\/posts\/2851\/revisions\/2855"}],"wp:featuredmedia":[{"embeddable":true,"href":"https:\/\/notidiario24.com.ar\/portalweb\/wp-json\/wp\/v2\/media\/2852"}],"wp:attachment":[{"href":"https:\/\/notidiario24.com.ar\/portalweb\/wp-json\/wp\/v2\/media?parent=2851"}],"wp:term":[{"taxonomy":"category","embeddable":true,"href":"https:\/\/notidiario24.com.ar\/portalweb\/wp-json\/wp\/v2\/categories?post=2851"},{"taxonomy":"post_tag","embeddable":true,"href":"https:\/\/notidiario24.com.ar\/portalweb\/wp-json\/wp\/v2\/tags?post=2851"}],"curies":[{"name":"wp","href":"https:\/\/api.w.org\/{rel}","templated":true}]}}