{"id":2846,"date":"2025-01-24T03:18:53","date_gmt":"2025-01-24T03:18:53","guid":{"rendered":"https:\/\/notidiario24.com.ar\/portalweb\/?p=2846"},"modified":"2025-01-24T03:18:54","modified_gmt":"2025-01-24T03:18:54","slug":"fuerte-cruce-entre-un-funcionario-de-milei-y-pablo-grasso","status":"publish","type":"post","link":"https:\/\/notidiario24.com.ar\/portalweb\/2025\/01\/24\/fuerte-cruce-entre-un-funcionario-de-milei-y-pablo-grasso\/","title":{"rendered":"Fuerte cruce entre un funcionario de Milei y Pablo Grasso"},"content":{"rendered":"\n<p>Jairo Guzm\u00e1n, referente de La Libertad Avanza, desat\u00f3 una pol\u00e9mica en redes sociales tras lanzar duras cr\u00edticas contra el intendente de R\u00edo Gallegos, Pablo Grasso. El enfrentamiento comenz\u00f3 luego de que el jefe comunal repudiara las declaraciones del presidente Javier Milei sobre el gesto de Elon Musk, que algunos interpretaron como un \u00absaludo nazi\u00bb durante un evento vinculado a Donald Trump.<\/p>\n\n\n\n<!--more-->\n\n\n\n<p>La controversia se encendi\u00f3 cuando Grasso calific\u00f3 de \u201cgrave\u201d que el presidente defendiera al magnate estadounidense en lugar de condenar actitudes vinculadas al extremismo. En respuesta, Guzm\u00e1n utiliz\u00f3 sus redes sociales para arremeter contra Grasso y contra quienes critican las posturas de La Libertad Avanza.<\/p>\n\n\n\n<p>En un mensaje cargado de insultos y descalificaciones, Guzm\u00e1n public\u00f3: \u201cTIEMBLEN porque venimos por ustedes zurdos de mierda. Forros empobrecedores. Chorros. El pa\u00eds cambi\u00f3. Hoy dejamos de ser el hazme re\u00edr del mundo para convertirnos en el FARO MUNDIAL. La grieta es moral\u201d.<\/p>\n\n\n\n<p>Las palabras del dirigente generaron una fuerte repercusi\u00f3n. Desde distintos sectores de la oposici\u00f3n, manifestaron su rechazo, alertando sobre la escalada de violencia verbal que profundiza la polarizaci\u00f3n en el pa\u00eds. A su vez, seguidores de Guzm\u00e1n y de La Libertad Avanza salieron en su defensa, argumentando que el mensaje refleja el hartazgo de muchos ciudadanos frente al sistema pol\u00edtico tradicional.<\/p>\n\n\n\n<p>Mientras tanto, Grasso evit\u00f3 responder directamente al mensaje de Guzm\u00e1n, aunque insisti\u00f3 en que el liderazgo pol\u00edtico debe basarse en el respeto y la condena de cualquier expresi\u00f3n de odio.<\/p>\n","protected":false},"excerpt":{"rendered":"<p>Jairo Guzm\u00e1n, referente de La Libertad Avanza, desat\u00f3 una pol\u00e9mica en redes sociales tras lanzar duras cr\u00edticas contra<\/p>\n","protected":false},"author":1,"featured_media":2847,"comment_status":"closed","ping_status":"closed","sticky":false,"template":"","format":"standard","meta":{"footnotes":""},"categories":[4],"tags":[],"class_list":["post-2846","post","type-post","status-publish","format-standard","has-post-thumbnail","hentry","category-politica"],"_links":{"self":[{"href":"https:\/\/notidiario24.com.ar\/portalweb\/wp-json\/wp\/v2\/posts\/2846","targetHints":{"allow":["GET"]}}],"collection":[{"href":"https:\/\/notidiario24.com.ar\/portalweb\/wp-json\/wp\/v2\/posts"}],"about":[{"href":"https:\/\/notidiario24.com.ar\/portalweb\/wp-json\/wp\/v2\/types\/post"}],"author":[{"embeddable":true,"href":"https:\/\/notidiario24.com.ar\/portalweb\/wp-json\/wp\/v2\/users\/1"}],"replies":[{"embeddable":true,"href":"https:\/\/notidiario24.com.ar\/portalweb\/wp-json\/wp\/v2\/comments?post=2846"}],"version-history":[{"count":1,"href":"https:\/\/notidiario24.com.ar\/portalweb\/wp-json\/wp\/v2\/posts\/2846\/revisions"}],"predecessor-version":[{"id":2848,"href":"https:\/\/notidiario24.com.ar\/portalweb\/wp-json\/wp\/v2\/posts\/2846\/revisions\/2848"}],"wp:featuredmedia":[{"embeddable":true,"href":"https:\/\/notidiario24.com.ar\/portalweb\/wp-json\/wp\/v2\/media\/2847"}],"wp:attachment":[{"href":"https:\/\/notidiario24.com.ar\/portalweb\/wp-json\/wp\/v2\/media?parent=2846"}],"wp:term":[{"taxonomy":"category","embeddable":true,"href":"https:\/\/notidiario24.com.ar\/portalweb\/wp-json\/wp\/v2\/categories?post=2846"},{"taxonomy":"post_tag","embeddable":true,"href":"https:\/\/notidiario24.com.ar\/portalweb\/wp-json\/wp\/v2\/tags?post=2846"}],"curies":[{"name":"wp","href":"https:\/\/api.w.org\/{rel}","templated":true}]}}