{"id":2841,"date":"2025-01-24T03:04:44","date_gmt":"2025-01-24T03:04:44","guid":{"rendered":"https:\/\/notidiario24.com.ar\/portalweb\/?p=2841"},"modified":"2025-01-24T03:17:04","modified_gmt":"2025-01-24T03:17:04","slug":"la-provincia-se-hizo-cargo-de-la-atencion-en-el-puesto-sanitario-del-parque-nacional-los-glaciares","status":"publish","type":"post","link":"https:\/\/notidiario24.com.ar\/portalweb\/2025\/01\/24\/la-provincia-se-hizo-cargo-de-la-atencion-en-el-puesto-sanitario-del-parque-nacional-los-glaciares\/","title":{"rendered":"La Provincia se hizo cargo de la atenci\u00f3n en el Puesto Sanitario del Parque Nacional Los Glaciares"},"content":{"rendered":"\n<p>Tras conocerse recientemente, la recisi\u00f3n del convenio firmado por el Hospital SAMIC a trav\u00e9s del Municipio de El Calafate con la Administraci\u00f3n de Parques Nacionales, para atender y garantizar la atenci\u00f3n sanitaria a los visitantes al Parque Nacional Los Glaciares, el Gobierno de Santa Cruz asumi\u00f3 tal compromiso y encomend\u00f3 a la Unidad Comunitaria de Salud Familiar Dr. Jos\u00e9 Formenti, hacerse cargo de esta tarea.<\/p>\n\n\n\n<!--more-->\n\n\n\n<p>Es as\u00ed que el pasado lunes, la Unidad Comunitaria de Salud Familiar Dr. Jos\u00e9 Formenti a cargo de Dante Ardenghi, se hizo presente en las instalaciones del Puesto Sanitario, donde se encontr\u00f3 con una serie de irregularidades en el espacio, dado que no se encontr\u00f3 equipamiento ni los elementos necesarios para brindar la correcta atenci\u00f3n a las personas que lo necesiten.<\/p>\n\n\n\n<p>En di\u00e1logo con LU 14 Radio Provincia de Santa Cruz, Ardenghi indic\u00f3 en primera instancia, que el Hospital SAMIC ten\u00eda un contrato firmado de prestaci\u00f3n de servicios y atenci\u00f3n en el puesto sanitario del Glaciar. Lo hizo a trav\u00e9s de la Municipalidad de El Calafate, que adem\u00e1s ten\u00eda la concesi\u00f3n para cobrar las entradas y se ocupaba de la log\u00edstica. De este modo, era la Municipalidad la que contrataba los servicios m\u00e9dicos, y es ahora la que se desentiende de esa responsabilidad.<\/p>\n\n\n\n<p>\u201cEs importante resaltar que el contrato de concesi\u00f3n vence el pr\u00f3ximo 19 de febrero y al conocer este hecho, el Hospital SAMIC inform\u00f3 que, a partir del d\u00eda lunes 20 de enero, se desentend\u00eda de la atenci\u00f3n del parque. Por lo consiguiente quedaba sin atenci\u00f3n m\u00e9dica. Entonces nos vimos con la responsabilidad de asumir algo que es muy serio porque es un lugar totalmente tur\u00edstico y que no tenga atenci\u00f3n m\u00e9dica no est\u00e1 en lo correcto\u201d, explic\u00f3.<\/p>\n\n\n\n<p>Al ser consultado acerca de c\u00f3mo qued\u00f3 conformado el equipo que se dispuso para atender en el Puesto Sanitario, Ardenghi, expuso: \u201cEl mismo est\u00e1 compuesto por m\u00e9dicos, enfermeros y choferes que tienen que atender las consultas, en el puesto sanitario\u201d.<\/p>\n\n\n\n<p>\u201cNuestra tarea fue solicitada hasta el pr\u00f3ximo 19 de febrero, que es cuando finaliza la responsabilidad de la Municipalidad. Seg\u00fan la informaci\u00f3n que parti\u00f3 para nosotros desde el Ministerio de Gobierno. De acuerdo con lo que nos informaron, de las cuestiones vinculadas a la log\u00edstica, el cobro de entradas y dem\u00e1s cuestiones, pasar\u00edan a ser responsabilidad de la provincia\u201d, declar\u00f3.<\/p>\n\n\n\n<p>En relaci\u00f3n con las condiciones en las que se recibi\u00f3 el Puesto Sanitario, manifest\u00f3: \u201cTuvimos la sorpresa de que hab\u00eda sido desmantelado totalmente, as\u00ed que el primer d\u00eda tuvimos que llevar camillas; esp\u00e9culos; medicamentos; ox\u00edgeno, y ahora estamos tratando de repoblarlo con material de trabajo porque se nos hizo bastante ingrato encontrarnos con un lugar vac\u00edo\u201d.<\/p>\n\n\n\n<p>Adem\u00e1s, Ardenghi se\u00f1al\u00f3 que \u201cac\u00e1 hay responsabilidades concurrentes, el SAMIC nunca debi\u00f3 vaciarlo pese a que se\u00f1ala que eran de su propiedad los elementos porque hay profesionales y personal que vino a cumplir funciones, y Parques Nacionales tampoco debi\u00f3 permitir que sucediera eso porque el servicio de salud tiene que ser una cosa tomada con la mayor seriedad\u201d.<\/p>\n\n\n\n<p>\u201cQuiero reconocer tambi\u00e9n el esfuerzo que hace la Provincia porque el Ministerio de Salud y Ambiente es el que decide si estas cosas se llevan adelante. Por suerte, tenemos un ministerio que est\u00e1 atento y reflejo para responder ante estas circunstancias\u201d, concluy\u00f3.<\/p>\n","protected":false},"excerpt":{"rendered":"<p>Tras conocerse recientemente, la recisi\u00f3n del convenio firmado por el Hospital SAMIC a trav\u00e9s del Municipio de El<\/p>\n","protected":false},"author":1,"featured_media":2842,"comment_status":"closed","ping_status":"closed","sticky":false,"template":"","format":"standard","meta":{"footnotes":""},"categories":[4],"tags":[],"class_list":["post-2841","post","type-post","status-publish","format-standard","has-post-thumbnail","hentry","category-politica"],"_links":{"self":[{"href":"https:\/\/notidiario24.com.ar\/portalweb\/wp-json\/wp\/v2\/posts\/2841","targetHints":{"allow":["GET"]}}],"collection":[{"href":"https:\/\/notidiario24.com.ar\/portalweb\/wp-json\/wp\/v2\/posts"}],"about":[{"href":"https:\/\/notidiario24.com.ar\/portalweb\/wp-json\/wp\/v2\/types\/post"}],"author":[{"embeddable":true,"href":"https:\/\/notidiario24.com.ar\/portalweb\/wp-json\/wp\/v2\/users\/1"}],"replies":[{"embeddable":true,"href":"https:\/\/notidiario24.com.ar\/portalweb\/wp-json\/wp\/v2\/comments?post=2841"}],"version-history":[{"count":3,"href":"https:\/\/notidiario24.com.ar\/portalweb\/wp-json\/wp\/v2\/posts\/2841\/revisions"}],"predecessor-version":[{"id":2845,"href":"https:\/\/notidiario24.com.ar\/portalweb\/wp-json\/wp\/v2\/posts\/2841\/revisions\/2845"}],"wp:featuredmedia":[{"embeddable":true,"href":"https:\/\/notidiario24.com.ar\/portalweb\/wp-json\/wp\/v2\/media\/2842"}],"wp:attachment":[{"href":"https:\/\/notidiario24.com.ar\/portalweb\/wp-json\/wp\/v2\/media?parent=2841"}],"wp:term":[{"taxonomy":"category","embeddable":true,"href":"https:\/\/notidiario24.com.ar\/portalweb\/wp-json\/wp\/v2\/categories?post=2841"},{"taxonomy":"post_tag","embeddable":true,"href":"https:\/\/notidiario24.com.ar\/portalweb\/wp-json\/wp\/v2\/tags?post=2841"}],"curies":[{"name":"wp","href":"https:\/\/api.w.org\/{rel}","templated":true}]}}