{"id":2832,"date":"2025-01-24T02:35:36","date_gmt":"2025-01-24T02:35:36","guid":{"rendered":"https:\/\/notidiario24.com.ar\/portalweb\/?p=2832"},"modified":"2025-01-24T17:46:57","modified_gmt":"2025-01-24T17:46:57","slug":"santa-cruz-sera-sede-de-los-juegos-patagonicos-epade-paraepade-y-juegos-de-integracion-patagonica-2025","status":"publish","type":"post","link":"https:\/\/notidiario24.com.ar\/portalweb\/2025\/01\/24\/santa-cruz-sera-sede-de-los-juegos-patagonicos-epade-paraepade-y-juegos-de-integracion-patagonica-2025\/","title":{"rendered":"Santa Cruz ser\u00e1 sede de los Juegos Patag\u00f3nicos EPADE, ParaEPADE y Juegos de Integraci\u00f3n Patag\u00f3nica 2025"},"content":{"rendered":"\n<p>La ministra de Desarrollo Social, Igualdad e Integraci\u00f3n, Luisa C\u00e1rdenas, acompa\u00f1ada por el secretario de Estado de Deporte, Ezequiel Artieda, realiz\u00f3 el anuncio, mediante el cual se confirma a nuestra provincia como una de las sedes de los Juegos Patag\u00f3nicos durante el mes de abril.<\/p>\n\n\n\n<!--more-->\n\n\n\n<p>Este mi\u00e9rcoles, la ministra de Desarrollo Social, Igualdad e Integraci\u00f3n Luisa C\u00e1rdenas, junto al secretario de Estado de Deporte y Recreaci\u00f3n, Ezequiel Artieda, formalizaron a la Provincia de Santa Cruz como una de las sedes de los Juegos Patag\u00f3nicos 2025, una fusi\u00f3n de los Juegos EPADE, ParaEPADE y Juegos de Integraci\u00f3n Patag\u00f3nica (JIP).<\/p>\n\n\n\n<p>En este contexto, ambos funcionarios confirmaron que, del 22 al 25 de abril Santa Cruz recibir\u00e1 como sede a las disciplinas de Tenis de Mesa convencional y PCD; v\u00f3ley masculino y femenino; y escalada.<\/p>\n\n\n\n<p>Al respecto, la ministra C\u00e1rdenas se\u00f1al\u00f3: \u201cPara nosotros, como provincia es un orgullo recibir deportistas de nuestra Patagonia, sobre todo, sabiendo que nuestro gobernador Claudio Vidal apoya fuertemente el crecimiento del deporte como espacio saludable, donde las chicas y chicos no solo vienen a competir, sino tambi\u00e9n a hacer amigos. Es adem\u00e1s una gran oportunidad para que los deportistas conozcan m\u00e1s sobre nuestra provincia\u201d.<\/p>\n\n\n\n<p>Por su parte, Ezequiel Artieda agreg\u00f3: \u201cEl objetivo de esta fusi\u00f3n que se realiz\u00f3 con los distintos juegos que forman parte del Ente EPADE, es que todas las provincias que forman parte sean protagonistas; lo que tambi\u00e9n permite generar una asignaci\u00f3n de recursos m\u00e1s equitativa para quienes son sede en esta oportunidad\u201d. En este sentido, el funcionario agreg\u00f3 que, adem\u00e1s de Santa Cruz, Chubut recibir\u00e1 a las disciplinas de b\u00e1squet masculino y femenino, atletismo convencional y boccia; y Tierra del Fuego ser\u00e1 anfitri\u00f3n de Levantamiento ol\u00edmpico, taekwondo y lucha.<\/p>\n\n\n\n<p>Finalmente, manifest\u00f3 que esta decisi\u00f3n fue consensuada durante la primera reuni\u00f3n del a\u00f1o del Ente Patag\u00f3nico Deportivo, realizada en la ciudad de Rawson, resaltando que las autoridades sostuvieron la necesidad de presentar este formato, el cual brinda de manera equitativa un manejo de recursos sostenible en la realizaci\u00f3n de los juegos.<\/p>\n","protected":false},"excerpt":{"rendered":"<p>La ministra de Desarrollo Social, Igualdad e Integraci\u00f3n, Luisa C\u00e1rdenas, acompa\u00f1ada por el secretario de Estado de Deporte,<\/p>\n","protected":false},"author":1,"featured_media":2860,"comment_status":"closed","ping_status":"closed","sticky":false,"template":"","format":"standard","meta":{"footnotes":""},"categories":[4],"tags":[],"class_list":["post-2832","post","type-post","status-publish","format-standard","has-post-thumbnail","hentry","category-politica"],"_links":{"self":[{"href":"https:\/\/notidiario24.com.ar\/portalweb\/wp-json\/wp\/v2\/posts\/2832","targetHints":{"allow":["GET"]}}],"collection":[{"href":"https:\/\/notidiario24.com.ar\/portalweb\/wp-json\/wp\/v2\/posts"}],"about":[{"href":"https:\/\/notidiario24.com.ar\/portalweb\/wp-json\/wp\/v2\/types\/post"}],"author":[{"embeddable":true,"href":"https:\/\/notidiario24.com.ar\/portalweb\/wp-json\/wp\/v2\/users\/1"}],"replies":[{"embeddable":true,"href":"https:\/\/notidiario24.com.ar\/portalweb\/wp-json\/wp\/v2\/comments?post=2832"}],"version-history":[{"count":1,"href":"https:\/\/notidiario24.com.ar\/portalweb\/wp-json\/wp\/v2\/posts\/2832\/revisions"}],"predecessor-version":[{"id":2834,"href":"https:\/\/notidiario24.com.ar\/portalweb\/wp-json\/wp\/v2\/posts\/2832\/revisions\/2834"}],"wp:featuredmedia":[{"embeddable":true,"href":"https:\/\/notidiario24.com.ar\/portalweb\/wp-json\/wp\/v2\/media\/2860"}],"wp:attachment":[{"href":"https:\/\/notidiario24.com.ar\/portalweb\/wp-json\/wp\/v2\/media?parent=2832"}],"wp:term":[{"taxonomy":"category","embeddable":true,"href":"https:\/\/notidiario24.com.ar\/portalweb\/wp-json\/wp\/v2\/categories?post=2832"},{"taxonomy":"post_tag","embeddable":true,"href":"https:\/\/notidiario24.com.ar\/portalweb\/wp-json\/wp\/v2\/tags?post=2832"}],"curies":[{"name":"wp","href":"https:\/\/api.w.org\/{rel}","templated":true}]}}