{"id":2713,"date":"2025-01-12T17:12:47","date_gmt":"2025-01-12T17:12:47","guid":{"rendered":"https:\/\/notidiario24.com.ar\/portalweb\/?p=2713"},"modified":"2025-01-12T17:12:47","modified_gmt":"2025-01-12T17:12:47","slug":"puerto-deseado-celebra-la-conectividad-aerea-el-hub-de-vuelos-regionales-ya-genera-impacto","status":"publish","type":"post","link":"https:\/\/notidiario24.com.ar\/portalweb\/2025\/01\/12\/puerto-deseado-celebra-la-conectividad-aerea-el-hub-de-vuelos-regionales-ya-genera-impacto\/","title":{"rendered":"Puerto Deseado celebra la conectividad a\u00e9rea: el Hub de vuelos regionales ya genera impacto"},"content":{"rendered":"\n<p>Prestadores tur\u00edsticos de Puerto Deseado valoraron el anuncio del Hub de vuelos regionales promovido por el Gobierno de Santa Cruz, destacando su importancia para el turismo y el desarrollo econ\u00f3mico local.<\/p>\n\n\n\n<!--more-->\n\n\n\n<p>En el marco del anuncio del Gobierno de Santa Cruz sobre la creaci\u00f3n del Hub de vuelos regionales, Ricardo P\u00e9rez, referente de Darwin Expediciones en Puerto Deseado, celebr\u00f3 la medida y destac\u00f3 su potencial para transformar el turismo y las actividades productivas de la regi\u00f3n.<\/p>\n\n\n\n<p>\u201cEstamos felices con este anuncio. Durante a\u00f1os lo esper\u00e1bamos, y ahora, que empieza a concretarse, nos llena de esperanza. Esta conectividad es fundamental para destinos como el nuestro, que a\u00fan necesitan mayor desarrollo tur\u00edstico\u201d, expres\u00f3 P\u00e9rez en di\u00e1logo con LU14 Radio Provincia.<\/p>\n\n\n\n<p>El nuevo esquema de vuelos, impulsado por el gobernador Claudio Vidal y gestionado a trav\u00e9s del Ministerio de Producci\u00f3n, Comercio e Industria, encabezado por Gustavo Mart\u00ednez, establece una alianza con la aerol\u00ednea JetSMART. Este programa permitir\u00e1 fortalecer la conexi\u00f3n entre Puerto Deseado, R\u00edo Gallegos, Caleta Olivia, Comodoro Rivadavia y otras localidades clave, abriendo nuevas oportunidades para el desarrollo del turismo regional, la econom\u00eda local y el acceso eficiente a mercados estrat\u00e9gicos.<\/p>\n\n\n\n<p>\u201cAhora, m\u00e1s santacruce\u00f1os y argentinos tendr\u00e1n la posibilidad de conocer Puerto Deseado y disfrutar de maravillas como la Isla Ping\u00fcino y la R\u00eda Deseado, que ofrecen una biodiversidad incre\u00edble. Desde los ping\u00fcinos de penacho amarillo hasta los delfines y lobos marinos, todo esto estar\u00e1 m\u00e1s cerca gracias a estos vuelos\u201d, explic\u00f3 P\u00e9rez.<\/p>\n\n\n\n<p>El impacto del Hub de vuelos no se limita al turismo. Seg\u00fan el entrevistado, la conectividad tambi\u00e9n potenciar\u00e1 sectores productivos como la pesca, miner\u00eda y petr\u00f3leo, al facilitar traslados y reducir costos log\u00edsticos. \u201cEsto no es s\u00f3lo para atraer visitantes; tambi\u00e9n mejora la calidad de vida de los deseadenses. Hoy, para viajar en avi\u00f3n, tenemos que recorrer 300 kil\u00f3metros hasta el aeropuerto m\u00e1s cercano. Este cambio lo transforma todo\u201d, enfatiz\u00f3.<\/p>\n\n\n\n<p>En cuanto a la infraestructura necesaria, P\u00e9rez expres\u00f3 optimismo: \u201cHay grandes expectativas por las obras que se har\u00e1n en los aeropuertos y aer\u00f3dromos. Seguramente generar\u00e1 empleo y dinamizar\u00e1 nuestras econom\u00edas locales. Lo bueno es que arranque con algo firme y que tenga continuidad, que sea sostenible en el tiempo. Eso es lo que nos va a permitir poder viajar m\u00e1s y vender el turismo en otros lugares\u201d.<\/p>\n\n\n\n<p>Por \u00faltimo, P\u00e9rez agradeci\u00f3 la gesti\u00f3n, ya que \u201cla verdad es que es b\u00e1rbaro lo que est\u00e1 haciendo Gustavo Mart\u00ednez en Producci\u00f3n. S\u00e9 que se puso al hombro esto de los vuelos regionales por un pedido del gobernador tambi\u00e9n. As\u00ed que celebro esto y la verdad es que los felicito por la gesti\u00f3n. Ahora so\u00f1amos con subirnos a un avi\u00f3n y viajar desde aqu\u00ed sin las dificultades de antes\u201d.<\/p>\n\n\n\n<p>Fotos Gentileza de Darwin Expediciones.<\/p>\n","protected":false},"excerpt":{"rendered":"<p>Prestadores tur\u00edsticos de Puerto Deseado valoraron el anuncio del Hub de vuelos regionales promovido por el Gobierno de<\/p>\n","protected":false},"author":1,"featured_media":2714,"comment_status":"closed","ping_status":"closed","sticky":false,"template":"","format":"standard","meta":{"footnotes":""},"categories":[3],"tags":[],"class_list":["post-2713","post","type-post","status-publish","format-standard","has-post-thumbnail","hentry","category-generales"],"_links":{"self":[{"href":"https:\/\/notidiario24.com.ar\/portalweb\/wp-json\/wp\/v2\/posts\/2713","targetHints":{"allow":["GET"]}}],"collection":[{"href":"https:\/\/notidiario24.com.ar\/portalweb\/wp-json\/wp\/v2\/posts"}],"about":[{"href":"https:\/\/notidiario24.com.ar\/portalweb\/wp-json\/wp\/v2\/types\/post"}],"author":[{"embeddable":true,"href":"https:\/\/notidiario24.com.ar\/portalweb\/wp-json\/wp\/v2\/users\/1"}],"replies":[{"embeddable":true,"href":"https:\/\/notidiario24.com.ar\/portalweb\/wp-json\/wp\/v2\/comments?post=2713"}],"version-history":[{"count":1,"href":"https:\/\/notidiario24.com.ar\/portalweb\/wp-json\/wp\/v2\/posts\/2713\/revisions"}],"predecessor-version":[{"id":2715,"href":"https:\/\/notidiario24.com.ar\/portalweb\/wp-json\/wp\/v2\/posts\/2713\/revisions\/2715"}],"wp:featuredmedia":[{"embeddable":true,"href":"https:\/\/notidiario24.com.ar\/portalweb\/wp-json\/wp\/v2\/media\/2714"}],"wp:attachment":[{"href":"https:\/\/notidiario24.com.ar\/portalweb\/wp-json\/wp\/v2\/media?parent=2713"}],"wp:term":[{"taxonomy":"category","embeddable":true,"href":"https:\/\/notidiario24.com.ar\/portalweb\/wp-json\/wp\/v2\/categories?post=2713"},{"taxonomy":"post_tag","embeddable":true,"href":"https:\/\/notidiario24.com.ar\/portalweb\/wp-json\/wp\/v2\/tags?post=2713"}],"curies":[{"name":"wp","href":"https:\/\/api.w.org\/{rel}","templated":true}]}}