{"id":2710,"date":"2025-01-12T17:08:23","date_gmt":"2025-01-12T17:08:23","guid":{"rendered":"https:\/\/notidiario24.com.ar\/portalweb\/?p=2710"},"modified":"2025-01-12T17:08:24","modified_gmt":"2025-01-12T17:08:24","slug":"angeles-especiales-y-el-club-de-jovenes-y-adultos-visitaron-la-reserva-urbana","status":"publish","type":"post","link":"https:\/\/notidiario24.com.ar\/portalweb\/2025\/01\/12\/angeles-especiales-y-el-club-de-jovenes-y-adultos-visitaron-la-reserva-urbana\/","title":{"rendered":"\u00c1ngeles Especiales y el Club de J\u00f3venes y Adultos visitaron la Reserva Urbana"},"content":{"rendered":"\n<p>Un gran grupo de personas que participan en diferentes actividades municipales, disfrutaron de la naturaleza y el buen clima en este lugar a pocos minutos del centro de la ciudad. Fue gracias a un trabajo articulado de la Agencia Ambiental y el Departamento de Pol\u00edticas para Personas con Discapacidad.<\/p>\n\n\n\n<!--more-->\n\n\n\n<p>Silvina Lamas, jefa del Departamento de Pol\u00edticas para Personas con Discapacidad del Municipio de R\u00edo Gallegos, dijo que previo a esta actividad hubo una reuni\u00f3n con las autoridades de la Agencia Ambiental para \u201cver de qu\u00e9 manera estaba dispuesto todo para que se haga lo m\u00e1s accesible posible, considerando las caracter\u00edsticas propias de una reserva natural\u201d.<br>Tambi\u00e9n destac\u00f3 la cantidad de personas con discapacidad que se interesan en participar en cada una de las iniciativas que se generan desde el Municipio: \u201clo que nosotros hacemos es ofrecer el espacio y brindar estrategias y herramientas de acceso, buscamos generar accesibilidad, ir eliminando barreras y acercar el Municipio a la gente\u201d, destac\u00f3.<br>Luego explic\u00f3 que el Club de J\u00f3venes y Adultos \u201ctiene como fin generar un espacio de pertenencia, diversi\u00f3n y recreaci\u00f3n. Priorizamos la autonom\u00eda y autodeterminaci\u00f3n de j\u00f3venes y adultos con y sin discapacidad. Lo que promovemos es que cualquier ciudadano, a partir de los 18 a\u00f1os, pueda participar de las actividades\u201d.<br>Varias asociaciones consultan a trav\u00e9s de las redes sociales para sumarse a estas propuestas, como es el caso de \u00c1ngeles Especiales que hoy visit\u00f3 la Reserva.<\/p>\n\n\n\n<p>Contacto<br>El Departamento de Pol\u00edticas para Personas con Discapacidad est\u00e1 ubicado en Avenida Lisandro de la Torre 568, en el edificio del Concejo Deliberante. Atiende al p\u00fablico de lunes a viernes de 8 a 14 horas y tambi\u00e9n a trav\u00e9s de redes sociales: Facebook Discapacidad-MRG o email pol\u00edticasdediscapacidad@riogallegos.gob.ar.<\/p>\n\n\n\n<p>Actividades para toda la familia<br>El ingreso a la Reserva Costera Urbana se encuentra ubicado en R\u00edo Chico, en cercan\u00edas de la Usina, y est\u00e1 debidamente se\u00f1alizado. Juan Alvarado, jefe de la Agencia Ambiental, destac\u00f3 que dentro de la Reserva se puede hacer avistaje de aves y de la flora local. El lugar cuenta con senderos habilitados para que la gente pueda disfrutar y recorrer, y tambi\u00e9n con miradores.<br>La reserva se encuentra abierta desde las 10:30 hasta las 18:30 de mi\u00e9rcoles a domingo. Tambi\u00e9n hay un lugar habilitado para estacionar veh\u00edculos.<br>Es importante destacar que no se puede ingresar con mascotas.<\/p>\n","protected":false},"excerpt":{"rendered":"<p>Un gran grupo de personas que participan en diferentes actividades municipales, disfrutaron de la naturaleza y el buen<\/p>\n","protected":false},"author":1,"featured_media":2711,"comment_status":"closed","ping_status":"closed","sticky":false,"template":"","format":"standard","meta":{"footnotes":""},"categories":[3],"tags":[],"class_list":["post-2710","post","type-post","status-publish","format-standard","has-post-thumbnail","hentry","category-generales"],"_links":{"self":[{"href":"https:\/\/notidiario24.com.ar\/portalweb\/wp-json\/wp\/v2\/posts\/2710","targetHints":{"allow":["GET"]}}],"collection":[{"href":"https:\/\/notidiario24.com.ar\/portalweb\/wp-json\/wp\/v2\/posts"}],"about":[{"href":"https:\/\/notidiario24.com.ar\/portalweb\/wp-json\/wp\/v2\/types\/post"}],"author":[{"embeddable":true,"href":"https:\/\/notidiario24.com.ar\/portalweb\/wp-json\/wp\/v2\/users\/1"}],"replies":[{"embeddable":true,"href":"https:\/\/notidiario24.com.ar\/portalweb\/wp-json\/wp\/v2\/comments?post=2710"}],"version-history":[{"count":1,"href":"https:\/\/notidiario24.com.ar\/portalweb\/wp-json\/wp\/v2\/posts\/2710\/revisions"}],"predecessor-version":[{"id":2712,"href":"https:\/\/notidiario24.com.ar\/portalweb\/wp-json\/wp\/v2\/posts\/2710\/revisions\/2712"}],"wp:featuredmedia":[{"embeddable":true,"href":"https:\/\/notidiario24.com.ar\/portalweb\/wp-json\/wp\/v2\/media\/2711"}],"wp:attachment":[{"href":"https:\/\/notidiario24.com.ar\/portalweb\/wp-json\/wp\/v2\/media?parent=2710"}],"wp:term":[{"taxonomy":"category","embeddable":true,"href":"https:\/\/notidiario24.com.ar\/portalweb\/wp-json\/wp\/v2\/categories?post=2710"},{"taxonomy":"post_tag","embeddable":true,"href":"https:\/\/notidiario24.com.ar\/portalweb\/wp-json\/wp\/v2\/tags?post=2710"}],"curies":[{"name":"wp","href":"https:\/\/api.w.org\/{rel}","templated":true}]}}