{"id":2707,"date":"2025-01-12T17:05:52","date_gmt":"2025-01-12T17:05:52","guid":{"rendered":"https:\/\/notidiario24.com.ar\/portalweb\/?p=2707"},"modified":"2025-01-12T17:05:52","modified_gmt":"2025-01-12T17:05:52","slug":"ypf-el-ministro-de-energia-jaime-alvarez-analizo-la-declinacion-productiva-en-santa-cruz","status":"publish","type":"post","link":"https:\/\/notidiario24.com.ar\/portalweb\/2025\/01\/12\/ypf-el-ministro-de-energia-jaime-alvarez-analizo-la-declinacion-productiva-en-santa-cruz\/","title":{"rendered":"YPF: el ministro de Energ\u00eda Jaime \u00c1lvarez analiz\u00f3 la declinaci\u00f3n productiva en Santa Cruz"},"content":{"rendered":"\n<p>El ministro de Energ\u00eda de Santa Cruz, Jaime \u00c1lvarez, analiz\u00f3 la situaci\u00f3n de YPF en la provincia, se\u00f1alando los efectos de la desinversi\u00f3n de a\u00f1os anteriores y destacando la necesidad de avanzar en pol\u00edticas que impulsen el desarrollo del sector petrolero en la regi\u00f3n.<\/p>\n\n\n\n<!--more-->\n\n\n\n<p>Seg\u00fan la agencia de noticias especializadas en energ\u00eda, Econojournal, \u201cla deficiente gesti\u00f3n de la petrolera durante el gobierno de Alberto Fern\u00e1ndez fue incapaz de adecuar su estructura de costos a la declinaci\u00f3n productiva de los campos maduros, que se convirtieron en activos anti-econ\u00f3micos\u201d.<\/p>\n\n\n\n<p>Es importante recordar que durante este per\u00edodo, YPF estuvo bajo la direcci\u00f3n del santacruce\u00f1o y ex vicegobernador Pablo Gonz\u00e1lez, quien tuvo a su cargo todas las decisiones para la empresa. Esto, seg\u00fan especialistas y funcionarios, llevaron a Santa Cruz a un escenario de desinversi\u00f3n sostenida durante varios a\u00f1os, derivando en la actual crisis del sector.<\/p>\n\n\n\n<p>En referencia a esta situaci\u00f3n, el ministro de Energ\u00eda de Santa Cruz, Jaime \u00c1lvarez, sostuvo: \u201cEsto que dice el medio nacional es real, y nosotros lo venimos diciendo, no desde ahora. El gobernador Vidal, como l\u00edder del sindicato de Petroleros Privados y como diputado nacional, lo denunciaba todos los d\u00edas desde hace varios a\u00f1os\u201d.<\/p>\n\n\n\n<p>El ministro tambi\u00e9n cuestion\u00f3 las decisiones de la gesti\u00f3n anterior frente a YPF: \u201cPablo Gonz\u00e1lez, como presidente de la empresa y como santacruce\u00f1o, tendr\u00eda que haber priorizado mayores inversiones en la provincia. Deber\u00eda haber iniciado la transici\u00f3n buscando terceros inversores en el borde de la cuenca. Pero no se hizo. S\u00f3lo se dilataron los tiempos, dejando a Santa Cruz en una situaci\u00f3n de declinaci\u00f3n continua en su producci\u00f3n petrolera. Gonz\u00e1lez destin\u00f3 el 85% de la inversi\u00f3n de YPF a Vaca Muerta y, cuando explor\u00f3 recursos no convencionales en Santa Cruz, lo hizo en un \u00e1rea de terceros y no en una propia de YPF\u201d, expres\u00f3.<\/p>\n\n\n\n<p>Respecto a las consecuencias para la provincia, el editorial de Econojournal agreg\u00f3: \u201cUna herencia no deseada que se engendr\u00f3, en realidad, bajo responsabilidad de gestiones anteriores que no fueron capaces de incentivar la inversi\u00f3n petrolera en la provincia ni en edificar un proyecto de desarrollo que sea consistente en el tiempo\u201d.<\/p>\n\n\n\n<p>Para \u00c1lvarez, \u00abla realidad es una sola, y es la que nos toca vivir hoy. No buscamos culpables, estamos trabajando para resolverlo, pero tampoco podemos dejar de refrescar la memoria de la gente\u201d, concluy\u00f3 el ministro.<\/p>\n","protected":false},"excerpt":{"rendered":"<p>El ministro de Energ\u00eda de Santa Cruz, Jaime \u00c1lvarez, analiz\u00f3 la situaci\u00f3n de YPF en la provincia, se\u00f1alando<\/p>\n","protected":false},"author":1,"featured_media":2708,"comment_status":"closed","ping_status":"closed","sticky":false,"template":"","format":"standard","meta":{"footnotes":""},"categories":[4],"tags":[],"class_list":["post-2707","post","type-post","status-publish","format-standard","has-post-thumbnail","hentry","category-politica"],"_links":{"self":[{"href":"https:\/\/notidiario24.com.ar\/portalweb\/wp-json\/wp\/v2\/posts\/2707","targetHints":{"allow":["GET"]}}],"collection":[{"href":"https:\/\/notidiario24.com.ar\/portalweb\/wp-json\/wp\/v2\/posts"}],"about":[{"href":"https:\/\/notidiario24.com.ar\/portalweb\/wp-json\/wp\/v2\/types\/post"}],"author":[{"embeddable":true,"href":"https:\/\/notidiario24.com.ar\/portalweb\/wp-json\/wp\/v2\/users\/1"}],"replies":[{"embeddable":true,"href":"https:\/\/notidiario24.com.ar\/portalweb\/wp-json\/wp\/v2\/comments?post=2707"}],"version-history":[{"count":1,"href":"https:\/\/notidiario24.com.ar\/portalweb\/wp-json\/wp\/v2\/posts\/2707\/revisions"}],"predecessor-version":[{"id":2709,"href":"https:\/\/notidiario24.com.ar\/portalweb\/wp-json\/wp\/v2\/posts\/2707\/revisions\/2709"}],"wp:featuredmedia":[{"embeddable":true,"href":"https:\/\/notidiario24.com.ar\/portalweb\/wp-json\/wp\/v2\/media\/2708"}],"wp:attachment":[{"href":"https:\/\/notidiario24.com.ar\/portalweb\/wp-json\/wp\/v2\/media?parent=2707"}],"wp:term":[{"taxonomy":"category","embeddable":true,"href":"https:\/\/notidiario24.com.ar\/portalweb\/wp-json\/wp\/v2\/categories?post=2707"},{"taxonomy":"post_tag","embeddable":true,"href":"https:\/\/notidiario24.com.ar\/portalweb\/wp-json\/wp\/v2\/tags?post=2707"}],"curies":[{"name":"wp","href":"https:\/\/api.w.org\/{rel}","templated":true}]}}