{"id":2704,"date":"2025-01-12T17:03:10","date_gmt":"2025-01-12T17:03:10","guid":{"rendered":"https:\/\/notidiario24.com.ar\/portalweb\/?p=2704"},"modified":"2025-01-12T17:03:11","modified_gmt":"2025-01-12T17:03:11","slug":"los-antiguos-celebro-una-nueva-edicion-de-la-fiesta-nacional-de-la-cereza","status":"publish","type":"post","link":"https:\/\/notidiario24.com.ar\/portalweb\/2025\/01\/12\/los-antiguos-celebro-una-nueva-edicion-de-la-fiesta-nacional-de-la-cereza\/","title":{"rendered":"Los Antiguos celebr\u00f3 una nueva edici\u00f3n de la Fiesta Nacional de la Cereza"},"content":{"rendered":"\n<p>La localidad de <strong>Los Antiguos<\/strong> se convirti\u00f3 este fin de semana en el epicentro de la tradici\u00f3n, la cultura y la gastronom\u00eda regional con una nueva edici\u00f3n de la <strong>Fiesta Nacional de la Cereza<\/strong>, que reuni\u00f3 a turistas y vecinos en un ambiente lleno de color y alegr\u00eda.<\/p>\n\n\n\n<!--more-->\n\n\n\n<p>La intendenta municipal, <strong>Prof. Zulma Neira<\/strong>, acompa\u00f1ada por el equipo de la <strong>Subsecretar\u00eda de Turismo<\/strong>, fue la encargada de recibir a los visitantes el s\u00e1bado por la tarde, dando inicio oficial a este evento emblem\u00e1tico que pone en valor la identidad de la regi\u00f3n.<\/p>\n\n\n\n<h3 class=\"wp-block-heading\">Una fiesta para toda la familia<\/h3>\n\n\n\n<p>Esta edici\u00f3n ofreci\u00f3 un amplio abanico de actividades para grandes y chicos. Los m\u00e1s peque\u00f1os disfrutaron de juegos y entretenimientos, mientras que los carros gastron\u00f3micos ofrecieron una exquisita selecci\u00f3n de platos t\u00edpicos, destac\u00e1ndose los sabores aut\u00f3ctonos de la regi\u00f3n.<br>Los artesanos, emprendedores y productores locales tambi\u00e9n ocuparon un lugar central, con productos que van desde delicadas creaciones en madera hasta mermeladas de cereza, s\u00edmbolo distintivo de Los Antiguos.<\/p>\n\n\n\n<p>Adem\u00e1s, los visitantes tuvieron la oportunidad de llevarse un recuerdo de la fiesta en el <strong>stand de reventa<\/strong>, donde se ofrecieron souvenirs y productos que reflejan la riqueza cultural y productiva de la localidad.<\/p>\n\n\n\n<h3 class=\"wp-block-heading\">Seguridad y organizaci\u00f3n, pilares del evento<\/h3>\n\n\n\n<p>La seguridad fue una prioridad para garantizar que el evento transcurriera sin inconvenientes. La <strong>Secretar\u00eda de Estado de Pol\u00edticas de Igualdad e Integraci\u00f3n<\/strong> se sum\u00f3 al operativo en el portal de ingreso a la localidad, trabajando en conjunto con la <strong>Subsecretar\u00eda de Promoci\u00f3n y Protecci\u00f3n de Derechos Humanos<\/strong>, la <strong>Subsecretar\u00eda de Pol\u00edticas Contra la Violencia por Razones de G\u00e9nero<\/strong>, y la <strong>Direcci\u00f3n Municipal de Mujeres, G\u00e9neros y Diversidades<\/strong>.<\/p>\n\n\n\n<p>Las fuerzas de seguridad tambi\u00e9n desempe\u00f1aron un papel clave. La <strong>Polic\u00eda de la Provincia de Santa Cruz<\/strong>, con apoyo de la <strong>DDI<\/strong> y la <strong>Divisi\u00f3n de Canes<\/strong>, realiz\u00f3 controles preventivos en el marco del <strong>Operativo Verano 2025<\/strong>. Entre las acciones destacadas estuvieron los controles de alcoholemia, la verificaci\u00f3n de documentaci\u00f3n obligatoria y el cumplimiento de normas de seguridad vial, recordando a los conductores la vigencia de la ley de <strong>Alcohol 0<\/strong> al volante.<\/p>\n\n\n\n<h3 class=\"wp-block-heading\">Una celebraci\u00f3n para recordar<\/h3>\n\n\n\n<p>Con una impecable organizaci\u00f3n y un enfoque en la prevenci\u00f3n, la Fiesta Nacional de la Cereza no solo reafirm\u00f3 su lugar como un encuentro cultural y gastron\u00f3mico de referencia, sino que tambi\u00e9n se consolid\u00f3 como un ejemplo de colaboraci\u00f3n comunitaria y compromiso con la seguridad.<br>Los Antiguos, conocida por la calidad de sus cerezas, una vez m\u00e1s se visti\u00f3 de gala para recibir a miles de personas que encontraron en esta celebraci\u00f3n una muestra de lo mejor que tiene para ofrecer esta regi\u00f3n \u00fanica de Santa Cruz.<\/p>\n","protected":false},"excerpt":{"rendered":"<p>La localidad de Los Antiguos se convirti\u00f3 este fin de semana en el epicentro de la tradici\u00f3n, la<\/p>\n","protected":false},"author":1,"featured_media":2705,"comment_status":"closed","ping_status":"closed","sticky":false,"template":"","format":"standard","meta":{"footnotes":""},"categories":[3],"tags":[],"class_list":["post-2704","post","type-post","status-publish","format-standard","has-post-thumbnail","hentry","category-generales"],"_links":{"self":[{"href":"https:\/\/notidiario24.com.ar\/portalweb\/wp-json\/wp\/v2\/posts\/2704","targetHints":{"allow":["GET"]}}],"collection":[{"href":"https:\/\/notidiario24.com.ar\/portalweb\/wp-json\/wp\/v2\/posts"}],"about":[{"href":"https:\/\/notidiario24.com.ar\/portalweb\/wp-json\/wp\/v2\/types\/post"}],"author":[{"embeddable":true,"href":"https:\/\/notidiario24.com.ar\/portalweb\/wp-json\/wp\/v2\/users\/1"}],"replies":[{"embeddable":true,"href":"https:\/\/notidiario24.com.ar\/portalweb\/wp-json\/wp\/v2\/comments?post=2704"}],"version-history":[{"count":1,"href":"https:\/\/notidiario24.com.ar\/portalweb\/wp-json\/wp\/v2\/posts\/2704\/revisions"}],"predecessor-version":[{"id":2706,"href":"https:\/\/notidiario24.com.ar\/portalweb\/wp-json\/wp\/v2\/posts\/2704\/revisions\/2706"}],"wp:featuredmedia":[{"embeddable":true,"href":"https:\/\/notidiario24.com.ar\/portalweb\/wp-json\/wp\/v2\/media\/2705"}],"wp:attachment":[{"href":"https:\/\/notidiario24.com.ar\/portalweb\/wp-json\/wp\/v2\/media?parent=2704"}],"wp:term":[{"taxonomy":"category","embeddable":true,"href":"https:\/\/notidiario24.com.ar\/portalweb\/wp-json\/wp\/v2\/categories?post=2704"},{"taxonomy":"post_tag","embeddable":true,"href":"https:\/\/notidiario24.com.ar\/portalweb\/wp-json\/wp\/v2\/tags?post=2704"}],"curies":[{"name":"wp","href":"https:\/\/api.w.org\/{rel}","templated":true}]}}