{"id":2682,"date":"2025-01-06T23:40:36","date_gmt":"2025-01-06T23:40:36","guid":{"rendered":"https:\/\/notidiario24.com.ar\/portalweb\/?p=2682"},"modified":"2025-01-06T23:40:36","modified_gmt":"2025-01-06T23:40:36","slug":"ianni-desde-el-congreso-luchamos-por-sostener-los-derechos-conquistados","status":"publish","type":"post","link":"https:\/\/notidiario24.com.ar\/portalweb\/2025\/01\/06\/ianni-desde-el-congreso-luchamos-por-sostener-los-derechos-conquistados\/","title":{"rendered":"Ianni: \u201cDesde el Congreso luchamos por sostener los derechos conquistados\u201d"},"content":{"rendered":"\n<p>La santacruce\u00f1a Ana Mar\u00eda Ianni hizo un balance del primer a\u00f1o de su nuevo mandato como diputada. \u201cTenemos el desaf\u00edo de recuperar las banderas que nos hicieron ser protagonistas de la historia\u201d sostuvo.<\/p>\n\n\n\n<!--more-->\n\n\n\n<p>Al cierre de un a\u00f1o que calific\u00f3 como \u201cmuy dif\u00edcil\u201d Ianni evalu\u00f3 lo acontecido, lo realizado y lo que queda por hacer.<\/p>\n\n\n\n<p>\u201cEl primer a\u00f1o de mi nuevo mandato en la C\u00e1mara de Diputados de la Naci\u00f3n coincidi\u00f3 con el primer a\u00f1o de Javier Mieli conduciendo los destinos de todos los argentinos y argentinas\u201d comenz\u00f3 diciendo, \u201cgran parte de los esfuerzos estuvieron concentrados en contener el avasallamiento del Gobierno Nacional sobre el Congreso, en defender derechos adquiridos de la ciudadan\u00eda, y en intentar evitar o minimizar el impacto negativo de cada una de las medidas libertarias sobre el pueblo, en especial sobre los sectores m\u00e1s vulnerables\u201d.<\/p>\n\n\n\n<p>Ianni puso en valor el trabajo que llevaron a cabo desde el Bloque de Uni\u00f3n por la Patria desde un primer momento: \u201cmantuvimos m\u00e1s de 30 reuniones con cada uno de los sectores perjudicados para acompa\u00f1ar, escuchar, dialogar y debatir\u201d. Como resultado de estas reuniones de trabajo se logr\u00f3 incorporar la voz de 65 organizaciones de la sociedad civil que se manifestaron en las comisiones que trataron la ley \u00f3mnibus, y se elaboraron distintas iniciativas parlamentarias.<\/p>\n\n\n\n<p>ACTIVIDAD LEGISLATIVA<\/p>\n\n\n\n<p>Este a\u00f1o la diputada Ianni integr\u00f3 las comisiones de Presupuesto y Hacienda, Transporte, Educaci\u00f3n, Miner\u00eda, Energ\u00eda y Combustibles, y Turismo, donde tiene a cargo la Secretar\u00eda de la comisi\u00f3n. Present\u00f3 un total de 83 proyectos de su autor\u00eda: Propuestas para aliviar medidas impuestas por el gobierno nacional, para proteger y preservar derechos, para responder inquietudes de vecinos y vecinas de Santa Cruz, pedidos de informes y repudios para visibilizar disposiciones abusivas y exigir respuestas, resoluciones para poner en valor el desempe\u00f1o destacado de santacruce\u00f1os y santacruce\u00f1as en distintas disciplinas art\u00edsticas, literarias y deportivas, son algunos de los temas abordados.<\/p>\n\n\n\n<p>\u201cEn este trabajo junto a mis pares del bloque y colegas de otras bancadas con quienes compartimos la mirada acerca del da\u00f1o que est\u00e1 produciendo el Gobierno Nacional sobre los argentinos, he acompa\u00f1ado adem\u00e1s un total de 398 proyectos en temas fundamentales de \u00edndole nacional y asuntos que repercuten en la Patagonia y en especial que afectan a santacruce\u00f1os y santacruce\u00f1os\u201d agreg\u00f3 la legisladora.<\/p>\n\n\n\n<p>Asimismo, para continuar generando puentes de comunicaci\u00f3n con los vecinos y vecinas de la provincia, \u201ceste a\u00f1o hemos generado un ciclo de encuentros virtuales, donde tuve la oportunidad de informar sobre el trabajo legislativo que llevamos a cabo y responder consultas e inquietudes de quienes se sumaron a las transmisiones en vivo\u201d.<\/p>\n\n\n\n<p>BALANCE<\/p>\n\n\n\n<p>\u201cDesde el Congreso trabajamos muy duro para sostener los derechos conseguidos\u201d asegur\u00f3 \u201cy en algunos casos lo hemos logrado, pero tenemos m\u00e1s en el debe que en el haber. No pudimos, en Diputados, derogar el DNU 70\/ 23 que signific\u00f3, junto a la Ley Bases, una verdadera Reforma Constitucional de facto, y que nos vinimos a enterar despu\u00e9s que los logros legislativos del oficialismo fueron producto de la compra de votos premiando econ\u00f3micamente a legisladores que avalaron decretos y leyes que son completamente inconstitucionales y por los cuales vamos a seguir luchando\u201d.<\/p>\n\n\n\n<p>En tanto, reflexion\u00f3 acerca del rol del peronismo ante el proceder del gobierno nacional, \u201cque se ha gastado los dineros p\u00fablicos haciendo campa\u00f1a para descalificar y estigmatizar a la oposici\u00f3n\u201d. \u201cDesde el peronismo, m\u00e1s unido que nunca, tenemos el desaf\u00edo de recuperar las banderas que nos hicieron ser protagonistas de la historia, la m\u00e1s antigua y la reciente, volver a enamorar al pueblo y reconstruir un pa\u00eds m\u00e1s justo, m\u00e1s libre, m\u00e1s soberano\u201d afirm\u00f3.<\/p>\n\n\n\n<p>Y concluy\u00f3 ratificando: \u201cMi compromiso es seguir trabajando como lo he hecho siempre, cuidando los intereses de todos y todas, en defensa de los que menos tienen, por los sectores que producen para que el pa\u00eds crezca, por la industria y el turismo, por Aerol\u00edneas Argentinas, por la educaci\u00f3n p\u00fablica y gratuita; como lo venimos haciendo desde que el pueblo de Santa Cruz me honr\u00f3 con la posibilidad de representarlos en el Congreso\u201d finaliz\u00f3 Ianni.<\/p>\n","protected":false},"excerpt":{"rendered":"<p>La santacruce\u00f1a Ana Mar\u00eda Ianni hizo un balance del primer a\u00f1o de su nuevo mandato como diputada. \u201cTenemos<\/p>\n","protected":false},"author":1,"featured_media":2683,"comment_status":"closed","ping_status":"closed","sticky":false,"template":"","format":"standard","meta":{"footnotes":""},"categories":[5,4],"tags":[],"class_list":["post-2682","post","type-post","status-publish","format-standard","has-post-thumbnail","hentry","category-nacionales","category-politica"],"_links":{"self":[{"href":"https:\/\/notidiario24.com.ar\/portalweb\/wp-json\/wp\/v2\/posts\/2682","targetHints":{"allow":["GET"]}}],"collection":[{"href":"https:\/\/notidiario24.com.ar\/portalweb\/wp-json\/wp\/v2\/posts"}],"about":[{"href":"https:\/\/notidiario24.com.ar\/portalweb\/wp-json\/wp\/v2\/types\/post"}],"author":[{"embeddable":true,"href":"https:\/\/notidiario24.com.ar\/portalweb\/wp-json\/wp\/v2\/users\/1"}],"replies":[{"embeddable":true,"href":"https:\/\/notidiario24.com.ar\/portalweb\/wp-json\/wp\/v2\/comments?post=2682"}],"version-history":[{"count":1,"href":"https:\/\/notidiario24.com.ar\/portalweb\/wp-json\/wp\/v2\/posts\/2682\/revisions"}],"predecessor-version":[{"id":2684,"href":"https:\/\/notidiario24.com.ar\/portalweb\/wp-json\/wp\/v2\/posts\/2682\/revisions\/2684"}],"wp:featuredmedia":[{"embeddable":true,"href":"https:\/\/notidiario24.com.ar\/portalweb\/wp-json\/wp\/v2\/media\/2683"}],"wp:attachment":[{"href":"https:\/\/notidiario24.com.ar\/portalweb\/wp-json\/wp\/v2\/media?parent=2682"}],"wp:term":[{"taxonomy":"category","embeddable":true,"href":"https:\/\/notidiario24.com.ar\/portalweb\/wp-json\/wp\/v2\/categories?post=2682"},{"taxonomy":"post_tag","embeddable":true,"href":"https:\/\/notidiario24.com.ar\/portalweb\/wp-json\/wp\/v2\/tags?post=2682"}],"curies":[{"name":"wp","href":"https:\/\/api.w.org\/{rel}","templated":true}]}}