{"id":2679,"date":"2025-01-06T23:32:03","date_gmt":"2025-01-06T23:32:03","guid":{"rendered":"https:\/\/notidiario24.com.ar\/portalweb\/?p=2679"},"modified":"2025-01-06T23:32:04","modified_gmt":"2025-01-06T23:32:04","slug":"claudio-vidal-encabezo-la-primera-reunion-de-gabinete-del-ano-y-presento-a-nuevos-secretarios","status":"publish","type":"post","link":"https:\/\/notidiario24.com.ar\/portalweb\/2025\/01\/06\/claudio-vidal-encabezo-la-primera-reunion-de-gabinete-del-ano-y-presento-a-nuevos-secretarios\/","title":{"rendered":"Claudio Vidal encabez\u00f3 la primera reuni\u00f3n de gabinete del a\u00f1o y present\u00f3 a nuevos secretarios"},"content":{"rendered":"\n<p>Este lunes, el gobernador Claudio Vidal llev\u00f3 a cabo el primer encuentro oficial con su equipo de trabajo, donde present\u00f3 a nuevos secretarios que ocupar\u00e1n distintas funciones dentro del Gobierno Provincial. Uno de los principales objetivos ser\u00e1 el seguimiento del desempe\u00f1o de los diferentes estamentos del Estado para mejorar la operatividad.<\/p>\n\n\n\n<!--more-->\n\n\n\n<p>Durante la reuni\u00f3n, se trazaron los lineamientos y objetivos del gobierno para el a\u00f1o, con especial \u00e9nfasis en profundizar la regionalizaci\u00f3n de la gesti\u00f3n. Vidal destac\u00f3 que el equipo de trabajo es \u201cel m\u00e1s federal de los \u00faltimos a\u00f1os\u201d, dejando atr\u00e1s el centralismo y otorgando espacios clave a funcionarios de diversas ciudades de Santa Cruz.<\/p>\n\n\n\n<p>Luego de la reuni\u00f3n, el jefe de Gabinete, Daniel \u00c1lvarez, detall\u00f3: \u201cEl gobernador solicit\u00f3 tener m\u00e1s presencia en territorio, reformular y profundizar los mecanismos de trabajo, agilizar las respuestas del Estado y, especialmente, escuchar a las localidades. Se termin\u00f3 el a\u00f1o de transici\u00f3n y es necesario continuar mejorando la infraestructura provincial en todo sentido. Lleg\u00f3 el momento de demostrar que este gobierno est\u00e1 integrado por mujeres y hombres de trabajo responsable y conscientes de qu\u00e9 la sociedad santacruce\u00f1a necesita de un liderazgo fuerte y de un compromiso sostenido en el trabajo a destajo, con el \u00fanico objetivo de sacar a nuestra provincia adelante. Es fundamental optimizar recursos y, sobre todo, trabajar en mejorar la recaudaci\u00f3n propia\u201d.<\/p>\n\n\n\n<p>Por su parte, el ministro de Gobierno, Nicol\u00e1s Brizuela, subray\u00f3: \u201cEl a\u00f1o pasado fue dif\u00edcil, se dedic\u00f3 mucho esfuerzo a reordenar. Recibimos un Estado con muchas \u00e1reas deficitarias, sumado a la baja en la recaudaci\u00f3n y al retiro de las ayudas directas del Gobierno Nacional. Esto nos llev\u00f3 a plantear un gobierno austero. Sin embargo, logramos concretar obras importantes como el nuevo acueducto de Ca\u00f1ad\u00f3n Quintar en Caleta Olivia, la obra del interconectado en Perito Moreno y Los Antiguos, la compra de maquinaria para Vialidad Provincial, la reactivaci\u00f3n de los puertos y la generaci\u00f3n de trabajo genuino\u201d.<\/p>\n\n\n\n<p>Brizuela tambi\u00e9n destac\u00f3 la inversi\u00f3n en educaci\u00f3n, que permiti\u00f3 garantizar el inicio de clases despu\u00e9s de 17 a\u00f1os sin poder lograrlo. \u201cSe adquirieron m\u00f3viles para mejorar la operatividad de distintos ministerios y entes del Estado. Sabemos que quedaron temas pendientes, pero este a\u00f1o deben tener continuidad. El gobernador nos pidi\u00f3 redoblar esfuerzos con el \u00fanico objetivo de mejorar la calidad de vida de los santacruce\u00f1os\u201d, agreg\u00f3.<\/p>\n\n\n\n<p>Nuevos nombramientos y equipo consultor<\/p>\n\n\n\n<p>En el marco del encuentro, se presentaron los nuevos secretarios que asumir\u00e1n distintas funciones dentro del Gobierno Provincial. Entre los designados se encuentran: Contadora Mar\u00eda Laura Rodr\u00edguez, Rodrigo Fabrizio Su\u00e1rez, Santiago De La Roza, Luciana Mar\u00eda Villafa\u00f1e, Juan Mart\u00edn Paiva, Juan Eduardo Mata, Mauro Emanuel Zabala y Miguel Farias.<\/p>\n\n\n\n<p>Asimismo, se conform\u00f3 un cuerpo de consultores con competencias espec\u00edficas que tendr\u00e1 la funci\u00f3n de coordinar acciones con las distintas jurisdicciones que conforman el Estado Provincial, bajo la dependencia directa del Poder Ejecutivo.<\/p>\n","protected":false},"excerpt":{"rendered":"<p>Este lunes, el gobernador Claudio Vidal llev\u00f3 a cabo el primer encuentro oficial con su equipo de trabajo,<\/p>\n","protected":false},"author":1,"featured_media":2680,"comment_status":"closed","ping_status":"closed","sticky":false,"template":"","format":"standard","meta":{"footnotes":""},"categories":[4],"tags":[],"class_list":["post-2679","post","type-post","status-publish","format-standard","has-post-thumbnail","hentry","category-politica"],"_links":{"self":[{"href":"https:\/\/notidiario24.com.ar\/portalweb\/wp-json\/wp\/v2\/posts\/2679","targetHints":{"allow":["GET"]}}],"collection":[{"href":"https:\/\/notidiario24.com.ar\/portalweb\/wp-json\/wp\/v2\/posts"}],"about":[{"href":"https:\/\/notidiario24.com.ar\/portalweb\/wp-json\/wp\/v2\/types\/post"}],"author":[{"embeddable":true,"href":"https:\/\/notidiario24.com.ar\/portalweb\/wp-json\/wp\/v2\/users\/1"}],"replies":[{"embeddable":true,"href":"https:\/\/notidiario24.com.ar\/portalweb\/wp-json\/wp\/v2\/comments?post=2679"}],"version-history":[{"count":1,"href":"https:\/\/notidiario24.com.ar\/portalweb\/wp-json\/wp\/v2\/posts\/2679\/revisions"}],"predecessor-version":[{"id":2681,"href":"https:\/\/notidiario24.com.ar\/portalweb\/wp-json\/wp\/v2\/posts\/2679\/revisions\/2681"}],"wp:featuredmedia":[{"embeddable":true,"href":"https:\/\/notidiario24.com.ar\/portalweb\/wp-json\/wp\/v2\/media\/2680"}],"wp:attachment":[{"href":"https:\/\/notidiario24.com.ar\/portalweb\/wp-json\/wp\/v2\/media?parent=2679"}],"wp:term":[{"taxonomy":"category","embeddable":true,"href":"https:\/\/notidiario24.com.ar\/portalweb\/wp-json\/wp\/v2\/categories?post=2679"},{"taxonomy":"post_tag","embeddable":true,"href":"https:\/\/notidiario24.com.ar\/portalweb\/wp-json\/wp\/v2\/tags?post=2679"}],"curies":[{"name":"wp","href":"https:\/\/api.w.org\/{rel}","templated":true}]}}