{"id":2674,"date":"2025-01-06T16:41:29","date_gmt":"2025-01-06T16:41:29","guid":{"rendered":"https:\/\/notidiario24.com.ar\/portalweb\/?p=2674"},"modified":"2025-01-06T16:41:33","modified_gmt":"2025-01-06T16:41:33","slug":"el-ministerio-de-salud-desmiente-relacion-laboral-con-hombre-denunciado-por-amenazas-con-arma-de-fuego","status":"publish","type":"post","link":"https:\/\/notidiario24.com.ar\/portalweb\/2025\/01\/06\/el-ministerio-de-salud-desmiente-relacion-laboral-con-hombre-denunciado-por-amenazas-con-arma-de-fuego\/","title":{"rendered":"El Ministerio de Salud desmiente relaci\u00f3n laboral con hombre denunciado por amenazas con arma de fuego"},"content":{"rendered":"\n<p>El Ministerio de Salud de la provincia neg\u00f3 cualquier v\u00ednculo laboral con Ezequiel Guzm\u00e1n, quien fue denunciado por amenaza con un arma de fuego y se\u00f1alado err\u00f3neamente como trabajador de esta cartera.<\/p>\n\n\n\n<!--more-->\n\n\n\n<p><strong>Comunicado oficial del Ministerio de Salud:<\/strong><\/p>\n\n\n\n<p>\u00abEl Ministerio de Salud y Ambiente de Santa Cruz informa a la comunidad que, ante las recientes publicaciones de un medio de comunicaci\u00f3n, es necesario aclarar que el se\u00f1or Ezequiel Guzm\u00e1n no es ni ha sido funcionario del Estado ni de este Ministerio.<\/p>\n\n\n\n<p>Lamentamos profundamente que en dichas publicaciones se utilicen expresiones malintencionadas que involucran al Secretario de Estado de Salud y Seguridad del Paciente, Dr. Ariel Varela, sin fundamento alguno.<\/p>\n\n\n\n<p>Instamos a la responsabilidad en la difusi\u00f3n de informaci\u00f3n, recordando que este tipo de hechos deben ser abordados por las autoridades competentes y tratados en el \u00e1mbito judicial correspondiente.\u00bb<\/p>\n\n\n\n<p>De este modo, el Ministerio busca despejar dudas y reafirmar su compromiso con una comunicaci\u00f3n veraz y responsable.<\/p>\n","protected":false},"excerpt":{"rendered":"<p>El Ministerio de Salud de la provincia neg\u00f3 cualquier v\u00ednculo laboral con Ezequiel Guzm\u00e1n, quien fue denunciado por<\/p>\n","protected":false},"author":1,"featured_media":2675,"comment_status":"closed","ping_status":"closed","sticky":false,"template":"","format":"standard","meta":{"footnotes":""},"categories":[3],"tags":[],"class_list":["post-2674","post","type-post","status-publish","format-standard","has-post-thumbnail","hentry","category-generales"],"_links":{"self":[{"href":"https:\/\/notidiario24.com.ar\/portalweb\/wp-json\/wp\/v2\/posts\/2674","targetHints":{"allow":["GET"]}}],"collection":[{"href":"https:\/\/notidiario24.com.ar\/portalweb\/wp-json\/wp\/v2\/posts"}],"about":[{"href":"https:\/\/notidiario24.com.ar\/portalweb\/wp-json\/wp\/v2\/types\/post"}],"author":[{"embeddable":true,"href":"https:\/\/notidiario24.com.ar\/portalweb\/wp-json\/wp\/v2\/users\/1"}],"replies":[{"embeddable":true,"href":"https:\/\/notidiario24.com.ar\/portalweb\/wp-json\/wp\/v2\/comments?post=2674"}],"version-history":[{"count":1,"href":"https:\/\/notidiario24.com.ar\/portalweb\/wp-json\/wp\/v2\/posts\/2674\/revisions"}],"predecessor-version":[{"id":2676,"href":"https:\/\/notidiario24.com.ar\/portalweb\/wp-json\/wp\/v2\/posts\/2674\/revisions\/2676"}],"wp:featuredmedia":[{"embeddable":true,"href":"https:\/\/notidiario24.com.ar\/portalweb\/wp-json\/wp\/v2\/media\/2675"}],"wp:attachment":[{"href":"https:\/\/notidiario24.com.ar\/portalweb\/wp-json\/wp\/v2\/media?parent=2674"}],"wp:term":[{"taxonomy":"category","embeddable":true,"href":"https:\/\/notidiario24.com.ar\/portalweb\/wp-json\/wp\/v2\/categories?post=2674"},{"taxonomy":"post_tag","embeddable":true,"href":"https:\/\/notidiario24.com.ar\/portalweb\/wp-json\/wp\/v2\/tags?post=2674"}],"curies":[{"name":"wp","href":"https:\/\/api.w.org\/{rel}","templated":true}]}}