{"id":2668,"date":"2025-01-06T16:27:52","date_gmt":"2025-01-06T16:27:52","guid":{"rendered":"https:\/\/notidiario24.com.ar\/portalweb\/?p=2668"},"modified":"2025-01-06T16:27:53","modified_gmt":"2025-01-06T16:27:53","slug":"fondos-municipales-se-realizo-el-acto-de-descubrimiento-de-placa-del-parque-de-agua","status":"publish","type":"post","link":"https:\/\/notidiario24.com.ar\/portalweb\/2025\/01\/06\/fondos-municipales-se-realizo-el-acto-de-descubrimiento-de-placa-del-parque-de-agua\/","title":{"rendered":"Fondos municipales: Se realiz\u00f3 el acto de descubrimiento de placa del Parque de Agua"},"content":{"rendered":"\n<p>El proyecto forma parte de un plan integral para embellecer y transformar nuestra ciudad, complement\u00e1ndose con otras iniciativas como el Parque de la Ni\u00f1ez y la plaza de los Campeones del Mundo.<\/p>\n\n\n\n<!--more-->\n\n\n\n<p>El nuevo espacio del que ya disfrutan los vecinos en la ciudad Capital qued\u00f3 oficialmente inaugurado esta tarde en un acto encabezada por la presidenta del Concejo Deliberante a cargo del Ejecutivo Soledad Kam\u00fa, el Jefe de Gabinete del Municipio Diego Robles, las secretarias de Coordinaci\u00f3n Ejecutiva Claudia Picuntureo, de Desarrollo Comunitario M\u00f3nica Guti\u00e9rrez, de Gobierno Sara Delgado, de Turismo Mercedes Neil, de Deportes Silvina Ju\u00e1rez y el secretario de Legal y T\u00e9cnica Gonzalo Chute.<\/p>\n\n\n\n<p>Tambi\u00e9n estuvieron presentes la concejal Daniela D\u2019 Amico, parte de la comisi\u00f3n directiva del Sindicato de Obreros y Empleados Municipales, vecinos y vecinas de la ciudad.<\/p>\n\n\n\n<p>La comunidad celebr\u00f3 un momento especial con la inauguraci\u00f3n oficial del Parque de Agua, un espacio dise\u00f1ado para el esparcimiento de las familias y, especialmente, de los ni\u00f1os y ni\u00f1as de nuestra ciudad. El evento incluy\u00f3 el descubrimiento de una placa que marca el inicio de una nueva etapa para el disfrute p\u00fablico. Con una extensi\u00f3n de 900 m\u00b2, este parque cuenta con modernas instalaciones como 8 palmeras asperosas, 3 hongos y 5 t\u00faneles de 3 metros de alto, adem\u00e1s de un sistema de aspersores distribuidos estrat\u00e9gicamente. Su dise\u00f1o innovador incluye una placa de concreto con desnivel hacia el centro, que permite la recolecci\u00f3n y reutilizaci\u00f3n del agua, reflejando un compromiso con la sostenibilidad ambiental.<\/p>\n\n\n\n<p>El proyecto forma parte de un plan integral para embellecer y transformar nuestra ciudad, complement\u00e1ndose con otras iniciativas como el Parque de la Ni\u00f1ez y la plaza de los Campeones del Mundo.<\/p>\n\n\n\n<p>No resignar nada<\/p>\n\n\n\n<p>En este marco el Jefe de Gabinete Diego Robles recalc\u00f3: \u201cEsto fue hecho totalmente con fondos municipales y mucho trabajo del personal municipal\u201d, es por ello que \u201cPara nosotros es muy importante este d\u00eda, ratifica el rumbo que venimos teniendo, con fuerte participaci\u00f3n ciudadana de cada uno de los vecinos, proponiendo y tambi\u00e9n muchas veces marc\u00e1ndonos el rumbo para mejorar\u201d, finalmente reafirm\u00f3 que los riogalleguenses tienen que acostumbrarse \u201cA no resignar nada y a crecer cada vez m\u00e1s, porque R\u00edo Gallegos merece mucho m\u00e1s y va a tener mucho m\u00e1s en estos tres a\u00f1os de gesti\u00f3n que vienen para delante\u201d<\/p>\n\n\n\n<p>Funcionamiento<\/p>\n\n\n\n<p>Cabe destacar que el Parque de Agua no consume agua de red porque funciona con un sistema independiente; el agua es potable y est\u00e1 almacenada en dos tanques con una capacidad total de 10 mil litros. Un grupo de bombas env\u00eda el agua hacia los juegos. Luego el l\u00edquido se recupera, pasa por unos filtros para ir a los tanques en los que es tratada con los productos qu\u00edmicos habituales y vuelve a circular. El consumo es m\u00ednimo: depende de la temperatura que produce evaporaci\u00f3n y de la cantidad de gente que use el parque. Cuando sea necesario, los tanques ser\u00e1n reabastecidos en forma independiente con el cami\u00f3n de agua potable municipal, ya que no hay un ca\u00f1o que conecte el parque a la red p\u00fablica.<\/p>\n","protected":false},"excerpt":{"rendered":"<p>El proyecto forma parte de un plan integral para embellecer y transformar nuestra ciudad, complement\u00e1ndose con otras iniciativas<\/p>\n","protected":false},"author":1,"featured_media":2669,"comment_status":"closed","ping_status":"closed","sticky":false,"template":"","format":"standard","meta":{"footnotes":""},"categories":[3],"tags":[],"class_list":["post-2668","post","type-post","status-publish","format-standard","has-post-thumbnail","hentry","category-generales"],"_links":{"self":[{"href":"https:\/\/notidiario24.com.ar\/portalweb\/wp-json\/wp\/v2\/posts\/2668","targetHints":{"allow":["GET"]}}],"collection":[{"href":"https:\/\/notidiario24.com.ar\/portalweb\/wp-json\/wp\/v2\/posts"}],"about":[{"href":"https:\/\/notidiario24.com.ar\/portalweb\/wp-json\/wp\/v2\/types\/post"}],"author":[{"embeddable":true,"href":"https:\/\/notidiario24.com.ar\/portalweb\/wp-json\/wp\/v2\/users\/1"}],"replies":[{"embeddable":true,"href":"https:\/\/notidiario24.com.ar\/portalweb\/wp-json\/wp\/v2\/comments?post=2668"}],"version-history":[{"count":1,"href":"https:\/\/notidiario24.com.ar\/portalweb\/wp-json\/wp\/v2\/posts\/2668\/revisions"}],"predecessor-version":[{"id":2670,"href":"https:\/\/notidiario24.com.ar\/portalweb\/wp-json\/wp\/v2\/posts\/2668\/revisions\/2670"}],"wp:featuredmedia":[{"embeddable":true,"href":"https:\/\/notidiario24.com.ar\/portalweb\/wp-json\/wp\/v2\/media\/2669"}],"wp:attachment":[{"href":"https:\/\/notidiario24.com.ar\/portalweb\/wp-json\/wp\/v2\/media?parent=2668"}],"wp:term":[{"taxonomy":"category","embeddable":true,"href":"https:\/\/notidiario24.com.ar\/portalweb\/wp-json\/wp\/v2\/categories?post=2668"},{"taxonomy":"post_tag","embeddable":true,"href":"https:\/\/notidiario24.com.ar\/portalweb\/wp-json\/wp\/v2\/tags?post=2668"}],"curies":[{"name":"wp","href":"https:\/\/api.w.org\/{rel}","templated":true}]}}