{"id":2554,"date":"2024-12-05T22:28:05","date_gmt":"2024-12-05T22:28:05","guid":{"rendered":"https:\/\/notidiario24.com.ar\/portalweb\/?p=2554"},"modified":"2024-12-05T22:28:05","modified_gmt":"2024-12-05T22:28:05","slug":"el-concejo-deliberante-de-rio-gallegos-aprobo-el-presupuesto-y-la-nueva-ordenanza-tarifaria-para-2025-ademas-tiene-nueva-presidenta","status":"publish","type":"post","link":"https:\/\/notidiario24.com.ar\/portalweb\/2024\/12\/05\/el-concejo-deliberante-de-rio-gallegos-aprobo-el-presupuesto-y-la-nueva-ordenanza-tarifaria-para-2025-ademas-tiene-nueva-presidenta\/","title":{"rendered":"El Concejo Deliberante de R\u00edo Gallegos aprob\u00f3 el presupuesto y la nueva Ordenanza Tarifaria para 2025, adem\u00e1s tiene nueva presidenta"},"content":{"rendered":"\n<p>En la jornada de hoy, el Honorable Concejo Deliberante de R\u00edo Gallegos llev\u00f3 a cabo su 3\u00aa sesi\u00f3n extraordinaria del per\u00edodo legislativo, donde se aprob\u00f3 por mayor\u00eda el Presupuesto Municipal 2025, estimado en $115.749.945.930, as\u00ed como la nueva Ordenanza Tarifaria que regir\u00e1 en el pr\u00f3ximo a\u00f1o.<\/p>\n\n\n\n<!--more-->\n\n\n\n<p>Durante la primera parte de la sesi\u00f3n, se abord\u00f3 el proyecto de ordenanza presentado por la Secretar\u00eda de Hacienda Municipal, que incluye el C\u00e1lculo de Recursos y el Presupuesto General de gastos e inversiones tanto para la administraci\u00f3n municipal como para el Concejo Deliberante. Despu\u00e9s de una moci\u00f3n de reconsideraci\u00f3n que permiti\u00f3 volver a discutir la aprobaci\u00f3n del tratamiento sobre tablas del expediente, el cuerpo legislativo se constituy\u00f3 en Comisi\u00f3n. Finalmente, el proyecto fue sometido a votaci\u00f3n general y aprobado por mayor\u00eda, aunque se desestim\u00f3 el art\u00edculo 10\u00b0, que contemplaba la baja de personal en condiciones de acceder al beneficio previsional.<\/p>\n\n\n\n<p>En un segundo momento, se discuti\u00f3 y aprob\u00f3 la nueva Ordenanza Tarifaria, que establece los montos a abonar en concepto de impuestos, tasas, derechos, contribuciones, multas, recargos e intereses municipales para 2025. El proyecto fue tambi\u00e9n aprobado por mayor\u00eda de los presentes.<\/p>\n\n\n\n<p>Uno de los puntos destacados de la sesi\u00f3n fue la elecci\u00f3n de las nuevas autoridades del Concejo Deliberante. Se presentaron dos mociones para la designaci\u00f3n de cargos: la primera propon\u00eda a Cynthia Kamu como presidenta, Daniela D\u2019Amico como vicepresidenta 1\u00aa y Mart\u00edn Ch\u00e1vez como vicepresidente 2\u00ba, mientras que la segunda moci\u00f3n planteaba a Victoria Ojeda como presidenta, Ayrton Ruay como vicepresidente 1\u00ba y Julio Arabena como vicepresidente 2\u00ba. Tras un empate en las votaciones, se resolvi\u00f3, conforme a la Ley N\u00b0 55, que las autoridades quedaran conformadas de la siguiente manera: Cynthia Kamu como presidenta, Daniela D\u2019Amico como vicepresidenta 1\u00aa y Mart\u00edn Ch\u00e1vez como vicepresidente 2\u00ba.<\/p>\n\n\n\n<p>Finalmente, se procedi\u00f3 a la elecci\u00f3n del secretario general del Concejo Deliberante, un cargo para el cual el concejal Mart\u00edn Ch\u00e1vez present\u00f3 una moci\u00f3n. Tras la votaci\u00f3n, Oscar Gim\u00e9nez fue elegido por mayor\u00eda como nuevo secretario general de la instituci\u00f3n.<\/p>\n\n\n\n<p>De este modo, el Concejo Deliberante de R\u00edo Gallegos culmin\u00f3 una nueva sesi\u00f3n extraordinaria, con la aprobaci\u00f3n clave de su presupuesto y la ordenanza que regular\u00e1 las tarifas municipales, as\u00ed como la renovaci\u00f3n de sus autoridades.<\/p>\n","protected":false},"excerpt":{"rendered":"<p>En la jornada de hoy, el Honorable Concejo Deliberante de R\u00edo Gallegos llev\u00f3 a cabo su 3\u00aa sesi\u00f3n<\/p>\n","protected":false},"author":1,"featured_media":2555,"comment_status":"closed","ping_status":"closed","sticky":false,"template":"","format":"standard","meta":{"footnotes":""},"categories":[4],"tags":[],"class_list":["post-2554","post","type-post","status-publish","format-standard","has-post-thumbnail","hentry","category-politica"],"_links":{"self":[{"href":"https:\/\/notidiario24.com.ar\/portalweb\/wp-json\/wp\/v2\/posts\/2554","targetHints":{"allow":["GET"]}}],"collection":[{"href":"https:\/\/notidiario24.com.ar\/portalweb\/wp-json\/wp\/v2\/posts"}],"about":[{"href":"https:\/\/notidiario24.com.ar\/portalweb\/wp-json\/wp\/v2\/types\/post"}],"author":[{"embeddable":true,"href":"https:\/\/notidiario24.com.ar\/portalweb\/wp-json\/wp\/v2\/users\/1"}],"replies":[{"embeddable":true,"href":"https:\/\/notidiario24.com.ar\/portalweb\/wp-json\/wp\/v2\/comments?post=2554"}],"version-history":[{"count":1,"href":"https:\/\/notidiario24.com.ar\/portalweb\/wp-json\/wp\/v2\/posts\/2554\/revisions"}],"predecessor-version":[{"id":2556,"href":"https:\/\/notidiario24.com.ar\/portalweb\/wp-json\/wp\/v2\/posts\/2554\/revisions\/2556"}],"wp:featuredmedia":[{"embeddable":true,"href":"https:\/\/notidiario24.com.ar\/portalweb\/wp-json\/wp\/v2\/media\/2555"}],"wp:attachment":[{"href":"https:\/\/notidiario24.com.ar\/portalweb\/wp-json\/wp\/v2\/media?parent=2554"}],"wp:term":[{"taxonomy":"category","embeddable":true,"href":"https:\/\/notidiario24.com.ar\/portalweb\/wp-json\/wp\/v2\/categories?post=2554"},{"taxonomy":"post_tag","embeddable":true,"href":"https:\/\/notidiario24.com.ar\/portalweb\/wp-json\/wp\/v2\/tags?post=2554"}],"curies":[{"name":"wp","href":"https:\/\/api.w.org\/{rel}","templated":true}]}}