{"id":2520,"date":"2024-11-30T22:55:54","date_gmt":"2024-11-30T22:55:54","guid":{"rendered":"https:\/\/notidiario24.com.ar\/portalweb\/?p=2520"},"modified":"2024-11-30T22:55:55","modified_gmt":"2024-11-30T22:55:55","slug":"docente-de-la-unpa-seleccionado-y-becado-en-el-programa-de-innovacion-y-liderazgo-en-gobierno-de-la-universidad-de-georgetown","status":"publish","type":"post","link":"https:\/\/notidiario24.com.ar\/portalweb\/2024\/11\/30\/docente-de-la-unpa-seleccionado-y-becado-en-el-programa-de-innovacion-y-liderazgo-en-gobierno-de-la-universidad-de-georgetown\/","title":{"rendered":"Docente de la UNPA seleccionado y becado en el Programa de Innovaci\u00f3n y Liderazgo en Gobierno de la Universidad de Georgetown"},"content":{"rendered":"\n<p>El Magister Silvio Romano, docente de la Universidad Nacional de la Patagonia Austral (UNPA), fue recientemente seleccionado para participar en la 11\u00b0 edici\u00f3n del prestigioso Programa de Innovaci\u00f3n y Liderazgo en Gobierno (ILG 2024) de la Universidad de Georgetown, en Washington DC, Estados Unidos. Romano destac\u00f3 que esta experiencia result\u00f3 ser \u201crealmente transformadora, tanto en el plano profesional como personal\u201d.<\/p>\n\n\n\n<!--more-->\n\n\n\n<p>El ILG es un programa que re\u00fane a l\u00edderes del sector p\u00fablico de todo el mundo con el objetivo de promover soluciones innovadoras y procesos transformadores para abordar los desaf\u00edos m\u00e1s urgentes de sus comunidades. En su edici\u00f3n 2024, el programa dio la bienvenida a 27 participantes provenientes de 13 pa\u00edses, quienes trabajaron en \u00e1reas clave como tecnolog\u00eda, sostenibilidad, innovaci\u00f3n y medio ambiente. Con la finalizaci\u00f3n de esta cohorte, el programa ya cuenta con casi 300 graduados en su red global de exalumnos.<\/p>\n\n\n\n<p>Romano, especialista en Sostenibilidad y Gesti\u00f3n Ambiental, fue seleccionado para presentar su proyecto sobre la&nbsp;<strong>Circularidad de los Residuos Pl\u00e1sticos en Santa Cruz<\/strong>, una iniciativa que busca transformar la gesti\u00f3n de residuos en la regi\u00f3n. La beca le permiti\u00f3 participar de sesiones de formaci\u00f3n tanto virtuales como presenciales, donde comparti\u00f3 experiencias con otros 26 becarios provenientes de pa\u00edses como Argentina, Chile, Colombia, Costa Rica, Ecuador, Guatemala, Honduras, M\u00e9xico, Per\u00fa, El Salvador y Rep\u00fablica Dominicana.<\/p>\n\n\n\n<p>Durante su visita a Washington DC, Romano tuvo la oportunidad de conectar con l\u00edderes latinoamericanos de diversos sectores, fortaleciendo una red profesional centrada en la innovaci\u00f3n y el liderazgo p\u00fablico. A trav\u00e9s de este programa, los participantes adquieren las herramientas necesarias para dise\u00f1ar e implementar pol\u00edticas p\u00fablicas innovadoras y fomentar iniciativas sociales en sus respectivos pa\u00edses.<\/p>\n\n\n\n<p>\u201cEste programa me brind\u00f3 herramientas clave en liderazgo adaptativo, negociaci\u00f3n y el uso de nuevas tecnolog\u00edas, las cuales pretendo aplicar y compartir en mi trabajo en Santa Cruz y la Patagonia\u201d, afirm\u00f3 Romano. Adem\u00e1s, destac\u00f3 el valor de haber trabajado junto a colegas con un alto nivel profesional que ocupan posiciones de decisi\u00f3n en \u00e1reas como innovaci\u00f3n, educaci\u00f3n, competitividad, gobernanza, sostenibilidad y medio ambiente. \u00abEste tipo de interacci\u00f3n me abre puertas a nuevas colaboraciones y proyectos de gran impacto\u00bb, subray\u00f3.<\/p>\n\n\n\n<p>Romano tambi\u00e9n reflexion\u00f3 sobre el enriquecimiento personal que le brind\u00f3 la experiencia, destacando la oportunidad de compartir con colegas latinoamericanos y aprender de las diferencias culturales que enriquecen el proceso educativo. \u201cFue incre\u00edble estar en otro pa\u00eds, con costumbres y realidades diferentes, y al mismo tiempo compartir con personas que tienen el mismo compromiso de generar un impacto positivo en nuestras sociedades\u201d, se\u00f1al\u00f3.<\/p>\n\n\n\n<p>Por \u00faltimo, el docente de la UNPA expres\u00f3 que su selecci\u00f3n para el ILG 2024 es una gran motivaci\u00f3n para continuar con su trabajo en proyectos sociales, como el que actualmente lidera en Caleta Olivia con la&nbsp;<strong>Cooperativa de Trabajo Basura Cero<\/strong>, dedicado a la gesti\u00f3n y transformaci\u00f3n de residuos pl\u00e1sticos. \u00abEste reconocimiento me impulsa a seguir adelante con proyectos que generen cambios positivos y duraderos en nuestra comunidad\u00bb, concluy\u00f3 Romano.<\/p>\n\n\n\n<figure class=\"wp-block-gallery has-nested-images columns-default is-cropped wp-block-gallery-1 is-layout-flex wp-block-gallery-is-layout-flex\">\n<figure class=\"wp-block-image size-large\"><img loading=\"lazy\" decoding=\"async\" width=\"800\" height=\"457\" data-id=\"2523\" src=\"https:\/\/notidiario24.com.ar\/portalweb\/wp-content\/uploads\/2024\/11\/file_217652_main1.jpg\" alt=\"\" class=\"wp-image-2523\" srcset=\"https:\/\/notidiario24.com.ar\/portalweb\/wp-content\/uploads\/2024\/11\/file_217652_main1.jpg 800w, https:\/\/notidiario24.com.ar\/portalweb\/wp-content\/uploads\/2024\/11\/file_217652_main1-300x171.jpg 300w, https:\/\/notidiario24.com.ar\/portalweb\/wp-content\/uploads\/2024\/11\/file_217652_main1-768x439.jpg 768w\" sizes=\"auto, (max-width: 800px) 100vw, 800px\" \/><\/figure>\n\n\n\n<figure class=\"wp-block-image size-large\"><img loading=\"lazy\" decoding=\"async\" width=\"800\" height=\"458\" data-id=\"2524\" src=\"https:\/\/notidiario24.com.ar\/portalweb\/wp-content\/uploads\/2024\/11\/file_217651_main1.jpg\" alt=\"\" class=\"wp-image-2524\" srcset=\"https:\/\/notidiario24.com.ar\/portalweb\/wp-content\/uploads\/2024\/11\/file_217651_main1.jpg 800w, https:\/\/notidiario24.com.ar\/portalweb\/wp-content\/uploads\/2024\/11\/file_217651_main1-300x172.jpg 300w, https:\/\/notidiario24.com.ar\/portalweb\/wp-content\/uploads\/2024\/11\/file_217651_main1-768x440.jpg 768w\" sizes=\"auto, (max-width: 800px) 100vw, 800px\" \/><\/figure>\n\n\n\n<figure class=\"wp-block-image size-large\"><img loading=\"lazy\" decoding=\"async\" width=\"800\" height=\"457\" data-id=\"2522\" src=\"https:\/\/notidiario24.com.ar\/portalweb\/wp-content\/uploads\/2024\/11\/file_217650_main1-1.jpg\" alt=\"\" class=\"wp-image-2522\" srcset=\"https:\/\/notidiario24.com.ar\/portalweb\/wp-content\/uploads\/2024\/11\/file_217650_main1-1.jpg 800w, https:\/\/notidiario24.com.ar\/portalweb\/wp-content\/uploads\/2024\/11\/file_217650_main1-1-300x171.jpg 300w, https:\/\/notidiario24.com.ar\/portalweb\/wp-content\/uploads\/2024\/11\/file_217650_main1-1-768x439.jpg 768w\" sizes=\"auto, (max-width: 800px) 100vw, 800px\" \/><\/figure>\n<\/figure>\n","protected":false},"excerpt":{"rendered":"<p>El Magister Silvio Romano, docente de la Universidad Nacional de la Patagonia Austral (UNPA), fue recientemente seleccionado para<\/p>\n","protected":false},"author":1,"featured_media":2521,"comment_status":"closed","ping_status":"closed","sticky":false,"template":"","format":"standard","meta":{"footnotes":""},"categories":[3],"tags":[],"class_list":["post-2520","post","type-post","status-publish","format-standard","has-post-thumbnail","hentry","category-generales"],"_links":{"self":[{"href":"https:\/\/notidiario24.com.ar\/portalweb\/wp-json\/wp\/v2\/posts\/2520","targetHints":{"allow":["GET"]}}],"collection":[{"href":"https:\/\/notidiario24.com.ar\/portalweb\/wp-json\/wp\/v2\/posts"}],"about":[{"href":"https:\/\/notidiario24.com.ar\/portalweb\/wp-json\/wp\/v2\/types\/post"}],"author":[{"embeddable":true,"href":"https:\/\/notidiario24.com.ar\/portalweb\/wp-json\/wp\/v2\/users\/1"}],"replies":[{"embeddable":true,"href":"https:\/\/notidiario24.com.ar\/portalweb\/wp-json\/wp\/v2\/comments?post=2520"}],"version-history":[{"count":1,"href":"https:\/\/notidiario24.com.ar\/portalweb\/wp-json\/wp\/v2\/posts\/2520\/revisions"}],"predecessor-version":[{"id":2525,"href":"https:\/\/notidiario24.com.ar\/portalweb\/wp-json\/wp\/v2\/posts\/2520\/revisions\/2525"}],"wp:featuredmedia":[{"embeddable":true,"href":"https:\/\/notidiario24.com.ar\/portalweb\/wp-json\/wp\/v2\/media\/2521"}],"wp:attachment":[{"href":"https:\/\/notidiario24.com.ar\/portalweb\/wp-json\/wp\/v2\/media?parent=2520"}],"wp:term":[{"taxonomy":"category","embeddable":true,"href":"https:\/\/notidiario24.com.ar\/portalweb\/wp-json\/wp\/v2\/categories?post=2520"},{"taxonomy":"post_tag","embeddable":true,"href":"https:\/\/notidiario24.com.ar\/portalweb\/wp-json\/wp\/v2\/tags?post=2520"}],"curies":[{"name":"wp","href":"https:\/\/api.w.org\/{rel}","templated":true}]}}