{"id":2516,"date":"2024-11-30T15:48:56","date_gmt":"2024-11-30T15:48:56","guid":{"rendered":"https:\/\/notidiario24.com.ar\/portalweb\/?p=2516"},"modified":"2024-11-30T15:49:17","modified_gmt":"2024-11-30T15:49:17","slug":"el-chalten-se-aprobo-el-codigo-fiscal-y-la-nueva-tarifaria-de-el-chalten","status":"publish","type":"post","link":"https:\/\/notidiario24.com.ar\/portalweb\/2024\/11\/30\/el-chalten-se-aprobo-el-codigo-fiscal-y-la-nueva-tarifaria-de-el-chalten\/","title":{"rendered":"El Chalt\u00e9n: Se aprob\u00f3 el C\u00f3digo Fiscal y la Nueva tarifaria"},"content":{"rendered":"\n<p>Tras meses de trabajo en comisi\u00f3n el Concejo Deliberante sancion\u00f3 estas ordenanzas consideradas claves, ya que las normativas que ten\u00eda datan de cuando la localidad era Comisi\u00f3n de Fomento. Desde 2025 las habilitaciones comerciales se renovar\u00e1n anualmente. Se seguir\u00e1 rigiendo por el valor de referencia del litro de nafta super.<\/p>\n\n\n\n<!--more-->\n\n\n\n<p>Este jueves se realiz\u00f3 la 16\u00b0 sesi\u00f3n ordinaria del Concejo Deliberante de EL Chalten, que tuvo como tema destacado la aprobaci\u00f3n dos proyectos de Ordenanza relacionadas con el ordenamiento econ\u00f3mico de la localidad: el C\u00f3digo Fiscal y la Tarifaria Anual.<\/p>\n\n\n\n<p>Durante todo el presente a\u00f1o estos proyectos fueron tomando forma a trav\u00e9s de intensos debates de la comisi\u00f3n de Econom\u00eda, Presupuesto y Cuentas, para acordar los criterios de aplicaci\u00f3n de montos, de acuerdo a los rubros comerciales.<\/p>\n\n\n\n<p>Actualmente el municipio opera con una tarifaria derivada de un documento elaborado en 2013, durante la etapa en que El Chalt\u00e9n era una Comisi\u00f3n de Fomento.<\/p>\n\n\n\n<p>En el recinto, los ediles indicaron que las nuevas ordenanzas tienen como fin mejorar los ingresos de la Municipalidad para poder ampliar y mejorar sus servicios. Ambas comenzar\u00e1n a regir en el mes de enero del a\u00f1o entrante, luego de pasar por un per\u00edodo de instrumentaci\u00f3n.<\/p>\n\n\n\n<p>En la tarifaria se incluyen 15 rubros comerciales que actualmente tienen escasa presencia en la localidad, y que se busca fomentar su radicaci\u00f3n mediante una carga impositiva muy baja<\/p>\n\n\n\n<p>En cuanto a los impuestos domiciliarios de viviendas particulares no se vieron modificados.<\/p>\n\n\n\n<p>Tampoco el valor de referencia, que est\u00e1 referenciados en M\u00f3dulos. Cada uno de ellos equivale a un litro de nafta super en abastecimiento de El Chalt\u00e9n.<\/p>\n\n\n\n<p>Adem\u00e1s se acord\u00f3 que desde el 2025 se comenzar\u00e1 a pagar la renovaci\u00f3n anual de la habilitaci\u00f3n comercial, que equivaldr\u00e1 al 7,5 % del monto inicial. Por ejemplo, una carnicer\u00eda que abre pagar\u00e1 700 m\u00f3dulos de habilitaci\u00f3n inicial, y cada a\u00f1o renovar\u00e1 con el pago de 52,5 m\u00f3dulos.<\/p>\n\n\n\n<p>En el caso de alojamientos y locales gastron\u00f3micos, pagar\u00e1n seg\u00fan los metros cuadrados de superficie habilitada.<\/p>\n\n\n\n<p>Los concejales en sus diferentes intervenciones expresaron que el documento final es fiel a un trabajo mancomunado y que las puertas del HDC est\u00e1n abiertas a la ciudadan\u00eda para evacuar consultas. Asimismo, tomaron un momento para agradecer a sus equipos de trabajo, tanto de abogados como secretarios y asesores.<\/p>\n\n\n\n<p>fuente: Ahora Calafate<\/p>\n","protected":false},"excerpt":{"rendered":"<p>Tras meses de trabajo en comisi\u00f3n el Concejo Deliberante sancion\u00f3 estas ordenanzas consideradas claves, ya que las normativas<\/p>\n","protected":false},"author":1,"featured_media":2517,"comment_status":"closed","ping_status":"closed","sticky":false,"template":"","format":"standard","meta":{"footnotes":""},"categories":[4],"tags":[],"class_list":["post-2516","post","type-post","status-publish","format-standard","has-post-thumbnail","hentry","category-politica"],"_links":{"self":[{"href":"https:\/\/notidiario24.com.ar\/portalweb\/wp-json\/wp\/v2\/posts\/2516","targetHints":{"allow":["GET"]}}],"collection":[{"href":"https:\/\/notidiario24.com.ar\/portalweb\/wp-json\/wp\/v2\/posts"}],"about":[{"href":"https:\/\/notidiario24.com.ar\/portalweb\/wp-json\/wp\/v2\/types\/post"}],"author":[{"embeddable":true,"href":"https:\/\/notidiario24.com.ar\/portalweb\/wp-json\/wp\/v2\/users\/1"}],"replies":[{"embeddable":true,"href":"https:\/\/notidiario24.com.ar\/portalweb\/wp-json\/wp\/v2\/comments?post=2516"}],"version-history":[{"count":2,"href":"https:\/\/notidiario24.com.ar\/portalweb\/wp-json\/wp\/v2\/posts\/2516\/revisions"}],"predecessor-version":[{"id":2519,"href":"https:\/\/notidiario24.com.ar\/portalweb\/wp-json\/wp\/v2\/posts\/2516\/revisions\/2519"}],"wp:featuredmedia":[{"embeddable":true,"href":"https:\/\/notidiario24.com.ar\/portalweb\/wp-json\/wp\/v2\/media\/2517"}],"wp:attachment":[{"href":"https:\/\/notidiario24.com.ar\/portalweb\/wp-json\/wp\/v2\/media?parent=2516"}],"wp:term":[{"taxonomy":"category","embeddable":true,"href":"https:\/\/notidiario24.com.ar\/portalweb\/wp-json\/wp\/v2\/categories?post=2516"},{"taxonomy":"post_tag","embeddable":true,"href":"https:\/\/notidiario24.com.ar\/portalweb\/wp-json\/wp\/v2\/tags?post=2516"}],"curies":[{"name":"wp","href":"https:\/\/api.w.org\/{rel}","templated":true}]}}