{"id":2503,"date":"2024-11-30T11:35:14","date_gmt":"2024-11-30T11:35:14","guid":{"rendered":"https:\/\/notidiario24.com.ar\/portalweb\/?p=2503"},"modified":"2024-11-30T11:35:15","modified_gmt":"2024-11-30T11:35:15","slug":"ranil-sobre-valdocco-la-permanencia-en-los-territorios-es-con-nuestras-familias","status":"publish","type":"post","link":"https:\/\/notidiario24.com.ar\/portalweb\/2024\/11\/30\/ranil-sobre-valdocco-la-permanencia-en-los-territorios-es-con-nuestras-familias\/","title":{"rendered":"Ra\u00f1il sobre Valdocco: \u201cLa permanencia en los territorios es con nuestras familias\u201d"},"content":{"rendered":"\n<p>Durante la 15.\u00aa Reuni\u00f3n Ordinaria, Celia Ra\u00f1il, integrante del Consejo Educativo Aut\u00f3nomo de Pueblos Ind\u00edgenas y referente de la comunidad mapuche Werken Wili Mapu, brind\u00f3 un discurso contundente en defensa de los derechos de los ni\u00f1os y j\u00f3venes, calificando lo sucedido en Ca\u00f1ad\u00f3n Seco como un \u00abgenocidio cultural\u00bb.<\/p>\n\n\n\n<!--more-->\n\n\n\n<p>En el marco de la 15.\u00aa Reuni\u00f3n Ordinaria de la Honorable C\u00e1mara de Diputados, la referente de la comunidad mapuche Werken Wili Mapu se refiri\u00f3 a lo ocurrido con los ni\u00f1os y j\u00f3venes de la comunidad Wichi en la Fundaci\u00f3n Valdocco de Ca\u00f1ad\u00f3n Seco.<\/p>\n\n\n\n<p>\u201cEste Consejo trabaja y promueve la educaci\u00f3n intercultural biling\u00fce en todas las provincias de Argentina\u201d, indic\u00f3 y agreg\u00f3 que actualmente son 38 identidades ind\u00edgenas las que han recuperado 18 idiomas a trav\u00e9s del reconocimiento de la ley vigente 26.260.<\/p>\n\n\n\n<p>\u201cNosotros tenemos hoy que hablar y expresarnos, y cuando digo \u2018nosotros\u2019 es porque pertenezco a una identidad colectiva que es el pueblo mapuche, y en este sentido tengo tambi\u00e9n la palabra de todos los pueblos ind\u00edgenas de Argentina para que me exprese en este recinto con respecto a la vulneraci\u00f3n de los derechos de ni\u00f1os y j\u00f3venes\u201d, expres\u00f3.<\/p>\n\n\n\n<p>Haciendo referencia a ese espacio que los \u201creconoce como preexistentes\u201d, este jueves se pronunci\u00f3 con firmeza preguntando: \u201c\u00bfCu\u00e1l es la reivindicaci\u00f3n hist\u00f3rica que nos merecemos? Es el derecho a la interculturalidad, esa interculturalidad que tiene que estar en todos los escenarios de las organizaciones que tienen los estados: provincial, nacional y locales\u201d.<\/p>\n\n\n\n<p>Con estos fundamentos, se\u00f1al\u00f3: \u201cTengo en la memoria justamente todo lo que hace a lo cultural leg\u00edtimo de todos esos procesos en los cuales he sido parte y he avanzado junto a mis iguales\u201d.<\/p>\n\n\n\n<p>Ra\u00f1il agreg\u00f3 que, \u201csi bien hay leyes de derechos del ni\u00f1o, nosotros tenemos una Convenci\u00f3n Internacional sobre los Derechos de los Ni\u00f1os a la protecci\u00f3n y el cuidado, el resguardo en sus territorios\u201d, por lo que \u201cning\u00fan ni\u00f1o puede ser sacado de su territorio\u201d.<\/p>\n\n\n\n<p>Sobre este punto, la referente mapuche critic\u00f3 la situaci\u00f3n de los ni\u00f1os y j\u00f3venes en la Fundaci\u00f3n Valdocco y rechaz\u00f3 su desarraigo. \u201cLa permanencia en los territorios, con nuestras familias, con nuestros abuelos, con nuestra esencia, con nuestra manera de vivir, con nuestra cultura y con nuestra espiritualidad\u201d, se\u00f1al\u00f3 y agreg\u00f3: \u201cNo pueden sacar a esos ni\u00f1os de sus territorios, como le ha ocurrido al pueblo Wichi. Si vuelven a sus comunidades ahora, no ser\u00e1n los mismos\u201d, manifest\u00f3.<\/p>\n\n\n\n<p>\u201cAc\u00e1 se ha cometido un genocidio cultural, lo manifiesto y quiero que lo tengan en cuenta porque ning\u00fan ni\u00f1o ni joven puede ser desarraigado de su lugar de donde ha nacido, permanecido y donde tiene vigente su cultura, su territorio, sus ciencias, sus saberes, sus abuelos, los ancianos, sus familias\u201d, denunci\u00f3.<\/p>\n\n\n\n<p>Asimismo, critic\u00f3 la falta de consulta previa, libre e informada en decisiones que afectan a las comunidades ind\u00edgenas y se\u00f1al\u00f3 que estas omisiones perpet\u00faan un proceso hist\u00f3rico de avasallamiento. \u201cHoy nosotros hemos resuelto eso desde 1994, quiero que les quede claro porque desde ese lugar a nosotros nos tienen que garantizar el derecho a nuestras propias pautas culturales\u201d, se\u00f1al\u00f3.<\/p>\n\n\n\n<p>\u201cNuestra memoria sigue vigente en cada paso que damos, y esto tambi\u00e9n va a quedar en el recuerdo de nosotros, siempre y cuando respondan hacia los derechos que tienen estos j\u00f3venes, estos ni\u00f1os y que realmente se haga justicia\u201d, concluy\u00f3.<\/p>\n","protected":false},"excerpt":{"rendered":"<p>Durante la 15.\u00aa Reuni\u00f3n Ordinaria, Celia Ra\u00f1il, integrante del Consejo Educativo Aut\u00f3nomo de Pueblos Ind\u00edgenas y referente de<\/p>\n","protected":false},"author":1,"featured_media":2504,"comment_status":"closed","ping_status":"closed","sticky":false,"template":"","format":"standard","meta":{"footnotes":""},"categories":[3,4],"tags":[],"class_list":["post-2503","post","type-post","status-publish","format-standard","has-post-thumbnail","hentry","category-generales","category-politica"],"_links":{"self":[{"href":"https:\/\/notidiario24.com.ar\/portalweb\/wp-json\/wp\/v2\/posts\/2503","targetHints":{"allow":["GET"]}}],"collection":[{"href":"https:\/\/notidiario24.com.ar\/portalweb\/wp-json\/wp\/v2\/posts"}],"about":[{"href":"https:\/\/notidiario24.com.ar\/portalweb\/wp-json\/wp\/v2\/types\/post"}],"author":[{"embeddable":true,"href":"https:\/\/notidiario24.com.ar\/portalweb\/wp-json\/wp\/v2\/users\/1"}],"replies":[{"embeddable":true,"href":"https:\/\/notidiario24.com.ar\/portalweb\/wp-json\/wp\/v2\/comments?post=2503"}],"version-history":[{"count":1,"href":"https:\/\/notidiario24.com.ar\/portalweb\/wp-json\/wp\/v2\/posts\/2503\/revisions"}],"predecessor-version":[{"id":2505,"href":"https:\/\/notidiario24.com.ar\/portalweb\/wp-json\/wp\/v2\/posts\/2503\/revisions\/2505"}],"wp:featuredmedia":[{"embeddable":true,"href":"https:\/\/notidiario24.com.ar\/portalweb\/wp-json\/wp\/v2\/media\/2504"}],"wp:attachment":[{"href":"https:\/\/notidiario24.com.ar\/portalweb\/wp-json\/wp\/v2\/media?parent=2503"}],"wp:term":[{"taxonomy":"category","embeddable":true,"href":"https:\/\/notidiario24.com.ar\/portalweb\/wp-json\/wp\/v2\/categories?post=2503"},{"taxonomy":"post_tag","embeddable":true,"href":"https:\/\/notidiario24.com.ar\/portalweb\/wp-json\/wp\/v2\/tags?post=2503"}],"curies":[{"name":"wp","href":"https:\/\/api.w.org\/{rel}","templated":true}]}}