{"id":2500,"date":"2024-11-30T11:31:41","date_gmt":"2024-11-30T11:31:41","guid":{"rendered":"https:\/\/notidiario24.com.ar\/portalweb\/?p=2500"},"modified":"2024-11-30T11:31:41","modified_gmt":"2024-11-30T11:31:41","slug":"se-inaugurara-este-10-de-diciembre-la-casa-de-jovenes-en-cordoba","status":"publish","type":"post","link":"https:\/\/notidiario24.com.ar\/portalweb\/2024\/11\/30\/se-inaugurara-este-10-de-diciembre-la-casa-de-jovenes-en-cordoba\/","title":{"rendered":"Se inaugurar\u00e1 este 10 de diciembre la Casa de J\u00f3venes en C\u00f3rdoba"},"content":{"rendered":"\n<p>El intendente de R\u00edo Gallegos, Pablo Grasso, y su par de R\u00edo Grande, Mart\u00edn P\u00e9rez, inauguran este 10 de diciembre la Casa de J\u00f3venes, un nuevo espacio para los santacruce\u00f1os y fueguinos que est\u00e1n estudiando en C\u00f3rdoba.<\/p>\n\n\n\n<!--more-->\n\n\n\n<p>El objetivo es brindar un lugar de contenci\u00f3n y acompa\u00f1amiento, que sea recreativo y cultural para los estudiantes.<\/p>\n\n\n\n<p>En este nuevo espacio, los estudiantes tendr\u00e1n talleres recreativos, de formaci\u00f3n profesional y de oficios, adem\u00e1s de coordinar eventos culturales y propuestas vinculadas a la prevenci\u00f3n de la salud y el bienestar.<\/p>\n\n\n\n<p>La capital de C\u00f3rdoba es una de las ciudades con m\u00e1s estudiantes universitarios de la Argentina. La inauguraci\u00f3n de la Casa de J\u00f3venes ser\u00e1 el martes 10 de diciembre, desde las 18 horas, en F\u00e9lix Olmedo 2017, en el barrio Mart\u00ednez.<\/p>\n","protected":false},"excerpt":{"rendered":"<p>El intendente de R\u00edo Gallegos, Pablo Grasso, y su par de R\u00edo Grande, Mart\u00edn P\u00e9rez, inauguran este 10<\/p>\n","protected":false},"author":1,"featured_media":2501,"comment_status":"closed","ping_status":"closed","sticky":false,"template":"","format":"standard","meta":{"footnotes":""},"categories":[3],"tags":[],"class_list":["post-2500","post","type-post","status-publish","format-standard","has-post-thumbnail","hentry","category-generales"],"_links":{"self":[{"href":"https:\/\/notidiario24.com.ar\/portalweb\/wp-json\/wp\/v2\/posts\/2500","targetHints":{"allow":["GET"]}}],"collection":[{"href":"https:\/\/notidiario24.com.ar\/portalweb\/wp-json\/wp\/v2\/posts"}],"about":[{"href":"https:\/\/notidiario24.com.ar\/portalweb\/wp-json\/wp\/v2\/types\/post"}],"author":[{"embeddable":true,"href":"https:\/\/notidiario24.com.ar\/portalweb\/wp-json\/wp\/v2\/users\/1"}],"replies":[{"embeddable":true,"href":"https:\/\/notidiario24.com.ar\/portalweb\/wp-json\/wp\/v2\/comments?post=2500"}],"version-history":[{"count":1,"href":"https:\/\/notidiario24.com.ar\/portalweb\/wp-json\/wp\/v2\/posts\/2500\/revisions"}],"predecessor-version":[{"id":2502,"href":"https:\/\/notidiario24.com.ar\/portalweb\/wp-json\/wp\/v2\/posts\/2500\/revisions\/2502"}],"wp:featuredmedia":[{"embeddable":true,"href":"https:\/\/notidiario24.com.ar\/portalweb\/wp-json\/wp\/v2\/media\/2501"}],"wp:attachment":[{"href":"https:\/\/notidiario24.com.ar\/portalweb\/wp-json\/wp\/v2\/media?parent=2500"}],"wp:term":[{"taxonomy":"category","embeddable":true,"href":"https:\/\/notidiario24.com.ar\/portalweb\/wp-json\/wp\/v2\/categories?post=2500"},{"taxonomy":"post_tag","embeddable":true,"href":"https:\/\/notidiario24.com.ar\/portalweb\/wp-json\/wp\/v2\/tags?post=2500"}],"curies":[{"name":"wp","href":"https:\/\/api.w.org\/{rel}","templated":true}]}}