{"id":2238,"date":"2024-10-22T15:51:12","date_gmt":"2024-10-22T15:51:12","guid":{"rendered":"https:\/\/notidiario24.com.ar\/portalweb\/?p=2238"},"modified":"2024-10-22T15:51:13","modified_gmt":"2024-10-22T15:51:13","slug":"el-gobierno-anuncio-la-disolucion-de-la-afip","status":"publish","type":"post","link":"https:\/\/notidiario24.com.ar\/portalweb\/2024\/10\/22\/el-gobierno-anuncio-la-disolucion-de-la-afip\/","title":{"rendered":"El Gobierno anunci\u00f3 la disoluci\u00f3n de la AFIP"},"content":{"rendered":"\n<p>Se crear\u00e1 un ente m\u00e1s simplificado como Agencia de Recaudaci\u00f3n y Control Aduanero (ARCA). Se pasar\u00e1n a disponibilidad m\u00e1s de 3.100 empleados y habr\u00e1 recortes en todo el pa\u00eds.<\/p>\n\n\n\n<!--more-->\n\n\n\n<p>El Gobierno anunci\u00f3 la disoluci\u00f3n de la Administraci\u00f3n Federal de Ingresos P\u00fablicos (AFIP) como parte de su plan de reducci\u00f3n del Estado y eliminaci\u00f3n de estructuras ineficientes. En su lugar, se crear\u00e1 la Agencia de Recaudaci\u00f3n y Control Aduanero (ARCA), un organismo con menos costos y burocracia.<\/p>\n\n\n\n<p>La medida implicar\u00e1 una reducci\u00f3n del 45% en las autoridades superiores y un 31% en los niveles inferiores, lo que supone una eliminaci\u00f3n del 34% de la estructura actual y un ahorro estimado de 6.400 millones de pesos al a\u00f1o.<\/p>\n\n\n\n<p>Adem\u00e1s, se proceder\u00e1 a la desvinculaci\u00f3n de 3.155 empleados que ingresaron de manera irregular durante el \u00faltimo gobierno kirchnerista, lo que representa el 15% del personal actual de la AFIP.<\/p>\n\n\n\n<p>La nueva ARCA tambi\u00e9n eliminar\u00e1 la Cuenta de Jerarquizaci\u00f3n para altos cargos, lo que reducir\u00e1 el salario de su titular a unos 4 millones de pesos, equipar\u00e1ndolo con el de un ministro. Los salarios de los directores de la Direcci\u00f3n General Impositiva (DGI) y la Direcci\u00f3n General de Aduanas (DGA) seguir\u00e1n el mismo esquema.<\/p>\n\n\n\n<p>La direcci\u00f3n de ARCA estar\u00e1 a cargo de Florencia Misrahi, acompa\u00f1ada por Andr\u00e9s Gerardo V\u00e1zquez en la DGI y Jos\u00e9 Andr\u00e9s Velis en la DGA, quienes liderar\u00e1n el proceso de reorganizaci\u00f3n y profesionalizaci\u00f3n del nuevo organismo.<\/p>\n","protected":false},"excerpt":{"rendered":"<p>Se crear\u00e1 un ente m\u00e1s simplificado como Agencia de Recaudaci\u00f3n y Control Aduanero (ARCA). Se pasar\u00e1n a disponibilidad<\/p>\n","protected":false},"author":1,"featured_media":2239,"comment_status":"closed","ping_status":"closed","sticky":false,"template":"","format":"standard","meta":{"footnotes":""},"categories":[5],"tags":[],"class_list":["post-2238","post","type-post","status-publish","format-standard","has-post-thumbnail","hentry","category-nacionales"],"_links":{"self":[{"href":"https:\/\/notidiario24.com.ar\/portalweb\/wp-json\/wp\/v2\/posts\/2238","targetHints":{"allow":["GET"]}}],"collection":[{"href":"https:\/\/notidiario24.com.ar\/portalweb\/wp-json\/wp\/v2\/posts"}],"about":[{"href":"https:\/\/notidiario24.com.ar\/portalweb\/wp-json\/wp\/v2\/types\/post"}],"author":[{"embeddable":true,"href":"https:\/\/notidiario24.com.ar\/portalweb\/wp-json\/wp\/v2\/users\/1"}],"replies":[{"embeddable":true,"href":"https:\/\/notidiario24.com.ar\/portalweb\/wp-json\/wp\/v2\/comments?post=2238"}],"version-history":[{"count":1,"href":"https:\/\/notidiario24.com.ar\/portalweb\/wp-json\/wp\/v2\/posts\/2238\/revisions"}],"predecessor-version":[{"id":2240,"href":"https:\/\/notidiario24.com.ar\/portalweb\/wp-json\/wp\/v2\/posts\/2238\/revisions\/2240"}],"wp:featuredmedia":[{"embeddable":true,"href":"https:\/\/notidiario24.com.ar\/portalweb\/wp-json\/wp\/v2\/media\/2239"}],"wp:attachment":[{"href":"https:\/\/notidiario24.com.ar\/portalweb\/wp-json\/wp\/v2\/media?parent=2238"}],"wp:term":[{"taxonomy":"category","embeddable":true,"href":"https:\/\/notidiario24.com.ar\/portalweb\/wp-json\/wp\/v2\/categories?post=2238"},{"taxonomy":"post_tag","embeddable":true,"href":"https:\/\/notidiario24.com.ar\/portalweb\/wp-json\/wp\/v2\/tags?post=2238"}],"curies":[{"name":"wp","href":"https:\/\/api.w.org\/{rel}","templated":true}]}}