{"id":2208,"date":"2024-10-06T13:58:31","date_gmt":"2024-10-06T13:58:31","guid":{"rendered":"https:\/\/notidiario24.com.ar\/portalweb\/?p=2208"},"modified":"2024-10-06T13:58:32","modified_gmt":"2024-10-06T13:58:32","slug":"menna-tenemos-la-posibilidad-de-poner-en-marcha-a-ycrt","status":"publish","type":"post","link":"https:\/\/notidiario24.com.ar\/portalweb\/2024\/10\/06\/menna-tenemos-la-posibilidad-de-poner-en-marcha-a-ycrt\/","title":{"rendered":"Menna: \u201cTenemos la posibilidad de poner en marcha a YCRT\u201d"},"content":{"rendered":"\n<p>As\u00ed lo indic\u00f3 el intendente de R\u00edo Turbio, Dar\u00edo Menna en referencia a su participaci\u00f3n en la reuni\u00f3n con el gobernador Claudio Vidal, el interventor de Yacimientos Carbon\u00edferos R\u00edo Turbio, Pablo Gordillo Arriagada y los sindicatos en Casa de Gobierno.<\/p>\n\n\n\n<!--more-->\n\n\n\n<p>El jefe comunal, Dar\u00edo Menna brind\u00f3 declaraciones radiales opin\u00f3 sobre la designaci\u00f3n de Pablo Gordillo Arriagada, se\u00f1alando que \u201ces muy positivo que sea santacruce\u00f1o. Tenemos una nueva posibilidad realmente de salir adelante\u201d, indic\u00f3 y agreg\u00f3, \u201cfue un transcurso con incertidumbre, pero el objetivo de la intervenci\u00f3n anterior era vender carb\u00f3n, y est\u00e1n las toneladas apiladas esperando ver qu\u00e9 suceder\u00e1\u201d.<\/p>\n\n\n\n<p>M\u00e1s adelante, remarc\u00f3 Menna que \u201clos compa\u00f1eros tienen muchas ganas de trabajar, por eso debemos reactivar la planta t\u00e9rmica, que es el motor de todos nosotros\u00bb. \u00abEl carb\u00f3n tiene que transformarse en energ\u00eda y tener cualquier agregado, porque no son tiempos f\u00e1ciles, no es mucho el tiempo que tenemos, pero s\u00ed est\u00e1n las ganas\u201d, ampli\u00f3.<\/p>\n\n\n\n<p>\u201cCuando nos ponemos de acuerdo entre todos, defendemos el Estado, debemos dar valor a las soluciones y poner en marcha nuestra empresa. Creo que las cosas tienen que salir bien\u201d, marc\u00f3.<\/p>\n\n\n\n<p>Ante la consulta sobre los temas puntuales del encuentro de ayer con el gobernador Claudio Vidal, Gremios e Intendentes, dijo que se habl\u00f3 de \u201chacer un relevamiento, en los \u00faltimos ocho meses el Estado estuvo parado, se trabaj\u00f3 el 10 de diciembre del a\u00f1o anterior, hay que ver c\u00f3mo est\u00e1n los equipos, teniendo en cuenta que estuvieron nueve meses parados. Tenemos que trabajar en las dos cuestiones carb\u00f3n y energ\u00eda. Visualizar cu\u00e1les son las pol\u00edticas energ\u00e9ticas nacionales, donde ya dijeron que a partir de enero a nivel nacional iba a haber muchos cortes de energ\u00eda, teniendo en cuenta que va a salir del sistema la central de ATUCHA, empezar a tratar de generar energ\u00eda para el consumo de nuestros pueblos, abastecer a El Calafate y tambi\u00e9n un porcentaje a Rio Gallegos\u00bb.<\/p>\n\n\n\n<p>Luego, Dar\u00edo Menna subray\u00f3 que la idea para la nueva intervenci\u00f3n, es que se logre la generaci\u00f3n de energ\u00eda para el 2025. \u00abLa idea es tratar que a fin de enero, a m\u00e1s tardar a principios de febrero, generar energ\u00eda con nuestra central t\u00e9rmica, aunque sea con el primer m\u00f3dulo. No se puede hablar de eficacia ideal, pero s\u00ed empezar a darle credibilidad e impulso\u00bb.<\/p>\n\n\n\n<p>M\u00e1s adelante subray\u00f3 respecto a los trabajadores, que \u00abse debe poner en valor a los profesionales de la Cuenca, sabemos que el interventor estar\u00e1 la semana que viene en la localidad y van a empezar a conformar los equipos de trabajo. Tenemos personal muy capacitado en la empresa, con los cuatro Sindicatos, si se debe incorporar recurso humano que se haga, pero debemos poner en valor a nuestra gente\u00bb.<\/p>\n\n\n\n<p>Por \u00faltimo, puntualiz\u00f3 que la meta es \u00abponer en funcionamiento a la empresa, nosotros tenemos 90 d\u00edas para eso y que sea un poco rentable. Y desde ah\u00ed generar las herramientas para que YCRT no se privatice\u00bb.<\/p>\n","protected":false},"excerpt":{"rendered":"<p>As\u00ed lo indic\u00f3 el intendente de R\u00edo Turbio, Dar\u00edo Menna en referencia a su participaci\u00f3n en la reuni\u00f3n<\/p>\n","protected":false},"author":1,"featured_media":2209,"comment_status":"closed","ping_status":"closed","sticky":false,"template":"","format":"standard","meta":{"footnotes":""},"categories":[4],"tags":[],"class_list":["post-2208","post","type-post","status-publish","format-standard","has-post-thumbnail","hentry","category-politica"],"_links":{"self":[{"href":"https:\/\/notidiario24.com.ar\/portalweb\/wp-json\/wp\/v2\/posts\/2208","targetHints":{"allow":["GET"]}}],"collection":[{"href":"https:\/\/notidiario24.com.ar\/portalweb\/wp-json\/wp\/v2\/posts"}],"about":[{"href":"https:\/\/notidiario24.com.ar\/portalweb\/wp-json\/wp\/v2\/types\/post"}],"author":[{"embeddable":true,"href":"https:\/\/notidiario24.com.ar\/portalweb\/wp-json\/wp\/v2\/users\/1"}],"replies":[{"embeddable":true,"href":"https:\/\/notidiario24.com.ar\/portalweb\/wp-json\/wp\/v2\/comments?post=2208"}],"version-history":[{"count":1,"href":"https:\/\/notidiario24.com.ar\/portalweb\/wp-json\/wp\/v2\/posts\/2208\/revisions"}],"predecessor-version":[{"id":2210,"href":"https:\/\/notidiario24.com.ar\/portalweb\/wp-json\/wp\/v2\/posts\/2208\/revisions\/2210"}],"wp:featuredmedia":[{"embeddable":true,"href":"https:\/\/notidiario24.com.ar\/portalweb\/wp-json\/wp\/v2\/media\/2209"}],"wp:attachment":[{"href":"https:\/\/notidiario24.com.ar\/portalweb\/wp-json\/wp\/v2\/media?parent=2208"}],"wp:term":[{"taxonomy":"category","embeddable":true,"href":"https:\/\/notidiario24.com.ar\/portalweb\/wp-json\/wp\/v2\/categories?post=2208"},{"taxonomy":"post_tag","embeddable":true,"href":"https:\/\/notidiario24.com.ar\/portalweb\/wp-json\/wp\/v2\/tags?post=2208"}],"curies":[{"name":"wp","href":"https:\/\/api.w.org\/{rel}","templated":true}]}}