{"id":2202,"date":"2024-10-06T13:52:29","date_gmt":"2024-10-06T13:52:29","guid":{"rendered":"https:\/\/notidiario24.com.ar\/portalweb\/?p=2202"},"modified":"2024-10-06T13:52:30","modified_gmt":"2024-10-06T13:52:30","slug":"bucci-es-un-gran-desafio-poder-acompanar-la-gestion-desde-este-lugar","status":"publish","type":"post","link":"https:\/\/notidiario24.com.ar\/portalweb\/2024\/10\/06\/bucci-es-un-gran-desafio-poder-acompanar-la-gestion-desde-este-lugar\/","title":{"rendered":"Bucci: \u201cEs un gran desaf\u00edo poder acompa\u00f1ar la gesti\u00f3n desde este lugar\u201d"},"content":{"rendered":"\n<p>Sergio Bucci, quien asumi\u00f3 este jueves como secretario de Comunicaci\u00f3n P\u00fablica y Medios de Santa Cruz, visit\u00f3 el estudio de LU14 Radio Provincia y dialog\u00f3 sobre el comienzo de su gesti\u00f3n. Valor\u00f3 el trabajo del equipo del gobernador Claudio Vidal y se mostr\u00f3 optimista con este nuevo desaf\u00edo.<\/p>\n\n\n\n<!--more-->\n\n\n\n<p>El nuevo secretario de Comunicaci\u00f3n P\u00fablica y Medios de Santa Cruz, Sergio Bucci; visit\u00f3 el estudio de LU14 Radio Provincia, junto a la ministra secretaria General de la Gobernaci\u00f3n, Cecilia Borselli. Durante su visita, dialog\u00f3 con la emisora a poco de asumir frente al \u00e1rea de comunicaci\u00f3n de la provincia.<\/p>\n\n\n\n<p>En primera instancia, se\u00f1al\u00f3 que esta ma\u00f1ana mantuvo la primera reuni\u00f3n y presentaci\u00f3n de los funcionarios ante esta nueva etapa. \u201cLes cont\u00e9 a los ministros porqu\u00e9 hab\u00eda tomado la decisi\u00f3n de acompa\u00f1ar al gobernador Claudio Vidal y hacerme cargo de esta Secretar\u00eda. Yo vengo de los medios, cuando fui diputado trabaj\u00e9 mucho con medios en Caleta Olivia y \u00faltimamente con el vicegobernador Fabi\u00e1n Leguizam\u00f3n, a quien le agradezco el acompa\u00f1amiento junto a todo el equipo de trabajo en este nuevo desaf\u00edo, que es complejo, pero me gusta\u201d.<\/p>\n\n\n\n<p>En este contexto, Bucci dej\u00f3 un mensaje a quienes forman parte de la comunicaci\u00f3n en la provincia: \u201cComo le dije al gobernador, que conf\u00eda en m\u00ed, le digo a toda la gente que trabaja en medios, que son parte del Estado, que soy una persona que va de frente, soy sincera, que conf\u00eden\u201d.<\/p>\n\n\n\n<p>Seguidamente, el secretario destac\u00f3 que viene de trabajar en el sector comercial y eso lo llev\u00f3 a estar al frente de la C\u00e1mara de Comercio de Caleta Olivia. \u201cLa decisi\u00f3n de venir a trabajar y de hacerme cargo de la Secretar\u00eda de Comunicaci\u00f3n P\u00fablica y Medios no fue f\u00e1cil porque esto implica quedarme a vivir en R\u00edo Gallegos\u201d, remarc\u00f3.<\/p>\n\n\n\n<p>Adem\u00e1s, subray\u00f3 la importancia de que mucha gente de las localidades de Santa Cruz venga a la capital provincial a cumplir funciones, lo que muestra que \u201cpor primera vez se est\u00e1 dando el federalismo en Santa Cruz\u201d.<\/p>\n\n\n\n<p>\u201cEsto es algo que siempre reclamamos los que somos del interior y sosten\u00edamos que deb\u00edamos ocupar cargos. Siempre dije que hab\u00eda gente capacitada en el interior, que ten\u00edamos que ser escuchados y que ten\u00edamos otra imagen de lo que pasa en la provincia. La realidad del interior no es la misma que hay en R\u00edo Gallegos\u201d, asegur\u00f3. Resalt\u00f3 que este federalismo hoy se puede ver adem\u00e1s en la empresa YCRT, en la Caja de Servicios Sociales, entre otros.<\/p>\n\n\n\n<p>Sobre el acercamiento hacia los gremios, en particular con el conflicto docente que vivi\u00f3 Santa Cruz durante muchos a\u00f1os, dijo que \u00abdocentes no pod\u00edan opinar, eran sumariados, eran perseguidos\u00bb.<\/p>\n\n\n\n<p>Entonces -mencion\u00f3- \u201clo que ha logrado este gobierno es algo tan simple como que haya clases, pero que no tiene precedentes en los \u00faltimos 10 o 15 a\u00f1os de la provincia de Santa Cruz\u201d y agreg\u00f3 que \u201clos pocos d\u00edas que no hubo clases fueron por paros nacionales\u201d.<\/p>\n\n\n\n<p>En otro tramo, Bucci expres\u00f3: \u201cA Claudio no le tiembla el pulso. El gobernador est\u00e1 trabajando en un ordenamiento del Estado, en un achicamiento del d\u00e9ficit, en saber qu\u00e9 pasa porque antes nadie sab\u00eda qu\u00e9 pasaba en Servicios P\u00fablicos, en Distrigas, cu\u00e1l era el aporte que se hac\u00eda para d\u00e9ficit en los municipios, todo se manejaba bajo llave. Hoy los municipios no reciben aporte para d\u00e9ficit, por ejemplo. Cada municipio est\u00e1 con su propio presupuesto pagando sueldos y eso es un ahorro para el Estado\u201d.<\/p>\n\n\n\n<p>Al cierre, Bucci comparti\u00f3 que \u201ccomo caletense, me duele la actitud de Pablo Grasso, de no aportar a las cajas. Me duele ver que R\u00edo Gallegos va a tener una fiesta impresionante, creo que se r\u00eden de la gente del interior\u201d, asever\u00f3 y record\u00f3 que \u201cno es en contra de la gente, ni del disfrute, pero es el contexto\u201d.<\/p>\n","protected":false},"excerpt":{"rendered":"<p>Sergio Bucci, quien asumi\u00f3 este jueves como secretario de Comunicaci\u00f3n P\u00fablica y Medios de Santa Cruz, visit\u00f3 el<\/p>\n","protected":false},"author":1,"featured_media":2203,"comment_status":"closed","ping_status":"closed","sticky":false,"template":"","format":"standard","meta":{"footnotes":""},"categories":[3,4],"tags":[],"class_list":["post-2202","post","type-post","status-publish","format-standard","has-post-thumbnail","hentry","category-generales","category-politica"],"_links":{"self":[{"href":"https:\/\/notidiario24.com.ar\/portalweb\/wp-json\/wp\/v2\/posts\/2202","targetHints":{"allow":["GET"]}}],"collection":[{"href":"https:\/\/notidiario24.com.ar\/portalweb\/wp-json\/wp\/v2\/posts"}],"about":[{"href":"https:\/\/notidiario24.com.ar\/portalweb\/wp-json\/wp\/v2\/types\/post"}],"author":[{"embeddable":true,"href":"https:\/\/notidiario24.com.ar\/portalweb\/wp-json\/wp\/v2\/users\/1"}],"replies":[{"embeddable":true,"href":"https:\/\/notidiario24.com.ar\/portalweb\/wp-json\/wp\/v2\/comments?post=2202"}],"version-history":[{"count":1,"href":"https:\/\/notidiario24.com.ar\/portalweb\/wp-json\/wp\/v2\/posts\/2202\/revisions"}],"predecessor-version":[{"id":2204,"href":"https:\/\/notidiario24.com.ar\/portalweb\/wp-json\/wp\/v2\/posts\/2202\/revisions\/2204"}],"wp:featuredmedia":[{"embeddable":true,"href":"https:\/\/notidiario24.com.ar\/portalweb\/wp-json\/wp\/v2\/media\/2203"}],"wp:attachment":[{"href":"https:\/\/notidiario24.com.ar\/portalweb\/wp-json\/wp\/v2\/media?parent=2202"}],"wp:term":[{"taxonomy":"category","embeddable":true,"href":"https:\/\/notidiario24.com.ar\/portalweb\/wp-json\/wp\/v2\/categories?post=2202"},{"taxonomy":"post_tag","embeddable":true,"href":"https:\/\/notidiario24.com.ar\/portalweb\/wp-json\/wp\/v2\/tags?post=2202"}],"curies":[{"name":"wp","href":"https:\/\/api.w.org\/{rel}","templated":true}]}}