{"id":2061,"date":"2024-08-15T23:41:47","date_gmt":"2024-08-15T23:41:47","guid":{"rendered":"https:\/\/notidiario24.com.ar\/portalweb\/?p=2061"},"modified":"2024-08-15T23:46:39","modified_gmt":"2024-08-15T23:46:39","slug":"unidad-y-compromiso-arrasa-en-la-eleccion-de-vocales-de-la-css","status":"publish","type":"post","link":"https:\/\/notidiario24.com.ar\/portalweb\/2024\/08\/15\/unidad-y-compromiso-arrasa-en-la-eleccion-de-vocales-de-la-css\/","title":{"rendered":"\u00abUnidad y Compromiso\u00bb arrasa en la elecci\u00f3n de vocales de la CSS."},"content":{"rendered":"\n<p>Con una participaci\u00f3n de solo el 5,94% de los afiliados, la lista \u00abUnidad y Compromiso\u00bb se perfila como la gran ganadora en las elecciones para renovar los vocales de la Caja de Servicios Sociales de Santa Cruz. A falta de menos de 10 mesas por escrutar, Manuel Piris y Sandra Casas, candidatos de esta lista, lideran la contienda en representaci\u00f3n de los trabajadores activos y pasivos, respectivamente.<\/p>\n\n\n\n<p>Los resultados provisionales, con el 100% de las mesas escrutadas en Santa Cruz y Ciudad Aut\u00f3noma de Buenos Aires, confirman el triunfo de \u00abUnidad y Compromiso\u00bb en ambas categor\u00edas. Sandra Casas obtuvo un contundente 72,17% de los votos en el sector pasivo, mientras que Manuel Piris logr\u00f3 un 45,11% en el sector activo. La pr\u00f3xima semana se oficializar\u00e1n los resultados definitivos, con la proclamaci\u00f3n de los ganadores el 30 de agosto.<\/p>\n\n\n\n<p><strong>Resultados detallados:<\/strong><\/p>\n\n\n\n<p><strong>Por los pasivos:<\/strong><\/p>\n\n\n\n<ul class=\"wp-block-list\">\n<li><strong>Unidad y Compromiso<\/strong>: 72,17% &#8211; 1071 votos\n<ul class=\"wp-block-list\">\n<li>Titular: Sandra Casas<\/li>\n\n\n\n<li>Suplente: Julio Medina<\/li>\n<\/ul>\n<\/li>\n\n\n\n<li><strong>Por la defensa de nuestros derechos<\/strong>: 27,83% &#8211; 413 votos<\/li>\n<\/ul>\n\n\n\n<p><strong>Por los activos:<\/strong><\/p>\n\n\n\n<ul class=\"wp-block-list\">\n<li><strong>Unidad y Compromiso<\/strong>: 45,11% &#8211; 1122 votos\n<ul class=\"wp-block-list\">\n<li>Titular: Manuel Piris<\/li>\n\n\n\n<li>Suplente: Ana Soledad Bringas<\/li>\n<\/ul>\n<\/li>\n\n\n\n<li><strong>Renovaci\u00f3n y transparencia<\/strong>: 30,08% &#8211; 748 votos\n<ul class=\"wp-block-list\">\n<li>Titular: Ignacio Villarruel<\/li>\n\n\n\n<li>Suplente: Silvana Portugal<\/li>\n<\/ul>\n<\/li>\n\n\n\n<li><strong>Por la defensa de nuestros derechos<\/strong>: 24,81% &#8211; 617 votos\n<ul class=\"wp-block-list\">\n<li>Titular: Oscar Hugo Voutat<\/li>\n\n\n\n<li>Suplente: Antonella Bilbao<\/li>\n<\/ul>\n<\/li>\n<\/ul>\n\n\n\n<p>Resultados Oficiales: <a href=\"https:\/\/css.gov.ar\/resultados\/vistas\/localidad.php?localidad=TOTAL\">https:\/\/css.gov.ar\/resultados\/vistas\/localidad.php?localidad=TOTAL<\/a><\/p>\n\n\n\n<p>foto: DND<\/p>\n","protected":false},"excerpt":{"rendered":"<p>Con una participaci\u00f3n de solo el 5,94% de los afiliados, la lista \u00abUnidad y Compromiso\u00bb se perfila como<\/p>\n","protected":false},"author":1,"featured_media":2062,"comment_status":"closed","ping_status":"closed","sticky":false,"template":"","format":"standard","meta":{"footnotes":""},"categories":[4],"tags":[],"class_list":["post-2061","post","type-post","status-publish","format-standard","has-post-thumbnail","hentry","category-politica"],"_links":{"self":[{"href":"https:\/\/notidiario24.com.ar\/portalweb\/wp-json\/wp\/v2\/posts\/2061","targetHints":{"allow":["GET"]}}],"collection":[{"href":"https:\/\/notidiario24.com.ar\/portalweb\/wp-json\/wp\/v2\/posts"}],"about":[{"href":"https:\/\/notidiario24.com.ar\/portalweb\/wp-json\/wp\/v2\/types\/post"}],"author":[{"embeddable":true,"href":"https:\/\/notidiario24.com.ar\/portalweb\/wp-json\/wp\/v2\/users\/1"}],"replies":[{"embeddable":true,"href":"https:\/\/notidiario24.com.ar\/portalweb\/wp-json\/wp\/v2\/comments?post=2061"}],"version-history":[{"count":2,"href":"https:\/\/notidiario24.com.ar\/portalweb\/wp-json\/wp\/v2\/posts\/2061\/revisions"}],"predecessor-version":[{"id":2064,"href":"https:\/\/notidiario24.com.ar\/portalweb\/wp-json\/wp\/v2\/posts\/2061\/revisions\/2064"}],"wp:featuredmedia":[{"embeddable":true,"href":"https:\/\/notidiario24.com.ar\/portalweb\/wp-json\/wp\/v2\/media\/2062"}],"wp:attachment":[{"href":"https:\/\/notidiario24.com.ar\/portalweb\/wp-json\/wp\/v2\/media?parent=2061"}],"wp:term":[{"taxonomy":"category","embeddable":true,"href":"https:\/\/notidiario24.com.ar\/portalweb\/wp-json\/wp\/v2\/categories?post=2061"},{"taxonomy":"post_tag","embeddable":true,"href":"https:\/\/notidiario24.com.ar\/portalweb\/wp-json\/wp\/v2\/tags?post=2061"}],"curies":[{"name":"wp","href":"https:\/\/api.w.org\/{rel}","templated":true}]}}