{"id":2058,"date":"2024-08-15T23:06:16","date_gmt":"2024-08-15T23:06:16","guid":{"rendered":"https:\/\/notidiario24.com.ar\/portalweb\/?p=2058"},"modified":"2024-08-15T23:06:17","modified_gmt":"2024-08-15T23:06:17","slug":"continua-el-plan-de-lucha-de-la-docencia-de-las-universidades-nacionales","status":"publish","type":"post","link":"https:\/\/notidiario24.com.ar\/portalweb\/2024\/08\/15\/continua-el-plan-de-lucha-de-la-docencia-de-las-universidades-nacionales\/","title":{"rendered":"Contin\u00faa el plan de lucha de la docencia de las Universidades Nacionales."},"content":{"rendered":"\n<p>El Plenario de Secretar\u00edas Generales de CONADU Hist\u00f3rica defini\u00f3 continuar las acciones de protesta por la recuperaci\u00f3n real del salario y en el marco de la unidad con el Frente Sindical de Universidades Nacionales. En ese sentido, los d\u00edas 20 y 21 de agosto se llevar\u00e1 a cabo un paro nacional del 48 horas, sin asistencia a los lugares de trabajo.<\/p>\n\n\n\n<!--more-->\n\n\n\n<p>Por otra parte, el plenario rechaz\u00f3 la aprobaci\u00f3n en la C\u00e1mara de Diputados de la Naci\u00f3n de la Educaci\u00f3n como \u201cservicio esencial\u201d entendiendo que atenta contra el derecho a la protesta de las y los trabajadores del sistema educativo. Esto agravado por un incremento de la brecha entre aumento salarial y aumento de la inflaci\u00f3n que, como hemos se\u00f1alado, supera en general el 57% y llega al 101, 8 % en el cargo inicial.<\/p>\n\n\n\n<p>Ante la negativa por parte del Ministerio de Capital Humano de abrir una verdadera discusi\u00f3n paritaria y la persistente imposici\u00f3n de aumentos irrisorios, se vuelve fundamental seguir visibilizando la situaci\u00f3n y profundizar la unidad con la comunidad universitaria en su conjunto. El plenario ratific\u00f3 la decisi\u00f3n de realizar una nueva marcha en defensa de la Universidad P\u00fablica para el mes de septiembre.<\/p>\n\n\n\n<p>\u2022 Recuperaci\u00f3n real del salario<br>\u2022 Restituci\u00f3n y pago del FONID<br>\u2022 NO al impuesto a las ganancias<br>\u2022 Actualizaci\u00f3n de las jubilaciones<\/p>\n\n\n\n<p>\u00a1Sin salarios dignos, no hay Universidad P\u00fablica!<\/p>\n\n\n\n<p>CONADU Hist\u00f3rica &#8211; CTA Aut\u00f3noma<\/p>\n","protected":false},"excerpt":{"rendered":"<p>El Plenario de Secretar\u00edas Generales de CONADU Hist\u00f3rica defini\u00f3 continuar las acciones de protesta por la recuperaci\u00f3n real<\/p>\n","protected":false},"author":1,"featured_media":2059,"comment_status":"closed","ping_status":"closed","sticky":false,"template":"","format":"standard","meta":{"footnotes":""},"categories":[1],"tags":[],"class_list":["post-2058","post","type-post","status-publish","format-standard","has-post-thumbnail","hentry","category-gremiales"],"_links":{"self":[{"href":"https:\/\/notidiario24.com.ar\/portalweb\/wp-json\/wp\/v2\/posts\/2058","targetHints":{"allow":["GET"]}}],"collection":[{"href":"https:\/\/notidiario24.com.ar\/portalweb\/wp-json\/wp\/v2\/posts"}],"about":[{"href":"https:\/\/notidiario24.com.ar\/portalweb\/wp-json\/wp\/v2\/types\/post"}],"author":[{"embeddable":true,"href":"https:\/\/notidiario24.com.ar\/portalweb\/wp-json\/wp\/v2\/users\/1"}],"replies":[{"embeddable":true,"href":"https:\/\/notidiario24.com.ar\/portalweb\/wp-json\/wp\/v2\/comments?post=2058"}],"version-history":[{"count":1,"href":"https:\/\/notidiario24.com.ar\/portalweb\/wp-json\/wp\/v2\/posts\/2058\/revisions"}],"predecessor-version":[{"id":2060,"href":"https:\/\/notidiario24.com.ar\/portalweb\/wp-json\/wp\/v2\/posts\/2058\/revisions\/2060"}],"wp:featuredmedia":[{"embeddable":true,"href":"https:\/\/notidiario24.com.ar\/portalweb\/wp-json\/wp\/v2\/media\/2059"}],"wp:attachment":[{"href":"https:\/\/notidiario24.com.ar\/portalweb\/wp-json\/wp\/v2\/media?parent=2058"}],"wp:term":[{"taxonomy":"category","embeddable":true,"href":"https:\/\/notidiario24.com.ar\/portalweb\/wp-json\/wp\/v2\/categories?post=2058"},{"taxonomy":"post_tag","embeddable":true,"href":"https:\/\/notidiario24.com.ar\/portalweb\/wp-json\/wp\/v2\/tags?post=2058"}],"curies":[{"name":"wp","href":"https:\/\/api.w.org\/{rel}","templated":true}]}}