{"id":2036,"date":"2024-08-07T23:55:41","date_gmt":"2024-08-07T23:55:41","guid":{"rendered":"https:\/\/notidiario24.com.ar\/portalweb\/?p=2036"},"modified":"2024-08-07T23:55:41","modified_gmt":"2024-08-07T23:55:41","slug":"los-amigos-de-los-genocidas-no-quisieron-sesionar-para-ocultar-sus-miserias","status":"publish","type":"post","link":"https:\/\/notidiario24.com.ar\/portalweb\/2024\/08\/07\/los-amigos-de-los-genocidas-no-quisieron-sesionar-para-ocultar-sus-miserias\/","title":{"rendered":"\u201cLos amigos de los genocidas no quisieron sesionar para ocultar sus miserias\u201d"},"content":{"rendered":"\n<p>As\u00ed se expres\u00f3 la Diputada Nacional Ana Mar\u00eda Ianni despu\u00e9s de que la sesi\u00f3n convocada para hoy por el oficialismo se cayera por falta de quorum.<\/p>\n\n\n\n<!--more-->\n\n\n\n<p>Luego de que el oficialismo convocara a una sesi\u00f3n para tratar varios temas propuestos por ellos, a los que se fueron agregando otros que surgieron de los trabajos en comisi\u00f3n, no se pudo sesionar porque el mismo oficialismo, con la complicidad de legisladores de Juntos por el Cambio y Hacemos Coalici\u00f3n Federal &#8211; que tampoco se presentaron para dar el quorum necesario, &#8211; dejaron caer la sesi\u00f3n.<\/p>\n\n\n\n<p>El Presidente del Bloque de Uni\u00f3n por la Patria, Germ\u00e1n Martinez dijo al respecto: \u201cMe da la sensaci\u00f3n, presidente, que est\u00e1n pasando cosas que tienen que alertar al oficialismo sobre las maneras que est\u00e1n desarroll\u00e1ndose aqu\u00ed adentro, porque no solamente hay temas importantes que merecen tratarse, sino tambi\u00e9n porque hay debates importantes que aunque no tengan expresiones en \u00f3rdenes del d\u00eda, resultado de los dict\u00e1menes de las distintas comisiones, tambi\u00e9n \u00edbamos a dar en este debate\u00bb.<\/p>\n\n\n\n<p>Mientras tanto la Diputada Cecilia Moreau sostuvo que \u201cHicieron caer la sesi\u00f3n para que no se hable de lo que ocurri\u00f3 en la semana, en donde un grupo de Legisladores de la Libertad Avanza visit\u00f3 genocidas presos en la c\u00e1rcel de Ezeiza\u201d y manifest\u00f3 \u00abNo creo que hayan sido hechos aislados. S\u00ed creo que, si escondemos la basura abajo de la alfombra, por acci\u00f3n, por omisi\u00f3n, van a terminar siendo todos c\u00f3mplices de un pacto de impunidad a la que la Argentina, como dijo el fiscal (Julio C\u00e9sar) Strassera hace m\u00e1s de 40 a\u00f1os, le dijo \u2018Nunca m\u00e1s\u2019\u00bb.<\/p>\n\n\n\n<p>Por su parte, la Diputada por Santa Cruz, Ana Mar\u00eda Ianni se mostr\u00f3 molesta con el oficialismo y con los diputados de la \u201coposici\u00f3n amigable\u201d, que no prestando quorum para presentarse a trabajar se convierten en c\u00f3mplices del silencio necesario para ocultar las miserias de los amigos de los genocidas.<\/p>\n","protected":false},"excerpt":{"rendered":"<p>As\u00ed se expres\u00f3 la Diputada Nacional Ana Mar\u00eda Ianni despu\u00e9s de que la sesi\u00f3n convocada para hoy por<\/p>\n","protected":false},"author":1,"featured_media":1694,"comment_status":"closed","ping_status":"closed","sticky":false,"template":"","format":"standard","meta":{"footnotes":""},"categories":[4],"tags":[],"class_list":["post-2036","post","type-post","status-publish","format-standard","has-post-thumbnail","hentry","category-politica"],"_links":{"self":[{"href":"https:\/\/notidiario24.com.ar\/portalweb\/wp-json\/wp\/v2\/posts\/2036","targetHints":{"allow":["GET"]}}],"collection":[{"href":"https:\/\/notidiario24.com.ar\/portalweb\/wp-json\/wp\/v2\/posts"}],"about":[{"href":"https:\/\/notidiario24.com.ar\/portalweb\/wp-json\/wp\/v2\/types\/post"}],"author":[{"embeddable":true,"href":"https:\/\/notidiario24.com.ar\/portalweb\/wp-json\/wp\/v2\/users\/1"}],"replies":[{"embeddable":true,"href":"https:\/\/notidiario24.com.ar\/portalweb\/wp-json\/wp\/v2\/comments?post=2036"}],"version-history":[{"count":1,"href":"https:\/\/notidiario24.com.ar\/portalweb\/wp-json\/wp\/v2\/posts\/2036\/revisions"}],"predecessor-version":[{"id":2037,"href":"https:\/\/notidiario24.com.ar\/portalweb\/wp-json\/wp\/v2\/posts\/2036\/revisions\/2037"}],"wp:featuredmedia":[{"embeddable":true,"href":"https:\/\/notidiario24.com.ar\/portalweb\/wp-json\/wp\/v2\/media\/1694"}],"wp:attachment":[{"href":"https:\/\/notidiario24.com.ar\/portalweb\/wp-json\/wp\/v2\/media?parent=2036"}],"wp:term":[{"taxonomy":"category","embeddable":true,"href":"https:\/\/notidiario24.com.ar\/portalweb\/wp-json\/wp\/v2\/categories?post=2036"},{"taxonomy":"post_tag","embeddable":true,"href":"https:\/\/notidiario24.com.ar\/portalweb\/wp-json\/wp\/v2\/tags?post=2036"}],"curies":[{"name":"wp","href":"https:\/\/api.w.org\/{rel}","templated":true}]}}