{"id":2019,"date":"2024-08-07T03:01:00","date_gmt":"2024-08-07T03:01:00","guid":{"rendered":"https:\/\/notidiario24.com.ar\/portalweb\/?p=2019"},"modified":"2024-08-07T03:01:01","modified_gmt":"2024-08-07T03:01:01","slug":"reunion-clave-para-fortalecer-la-colaboracion-y-proyectos-en-perito-moreno","status":"publish","type":"post","link":"https:\/\/notidiario24.com.ar\/portalweb\/2024\/08\/07\/reunion-clave-para-fortalecer-la-colaboracion-y-proyectos-en-perito-moreno\/","title":{"rendered":"Reuni\u00f3n Clave para Fortalecer la Colaboraci\u00f3n y Proyectos en Perito Moreno"},"content":{"rendered":"\n<p>En la ma\u00f1ana de hoy, el Ministro de Gobierno, Pedro Luxen, se reuni\u00f3 con el Ministro de Salud y Ambiente, Ariel Varela; el Presidente del Instituto de Desarrollo Urbano y Vivienda, Cristian Mansilla; y el Diputado por el Pueblo de Perito Moreno, Cristian Ojeda. La reuni\u00f3n tuvo como objetivo principal articular esfuerzos conjuntos para atender las necesidades de la localidad de Perito Moreno.<\/p>\n\n\n\n<!--more-->\n\n\n\n<p>En el encuentro, se discutieron aspectos clave de cada \u00e1rea, con el prop\u00f3sito de fortalecer las estrategias y mejorar la ejecuci\u00f3n de proyectos que beneficien a la comunidad. Se acord\u00f3 una coordinaci\u00f3n m\u00e1s estrecha para asegurar que las iniciativas se alineen con las necesidades espec\u00edficas del municipio y se optimice el impacto de las acciones.<\/p>\n","protected":false},"excerpt":{"rendered":"<p>En la ma\u00f1ana de hoy, el Ministro de Gobierno, Pedro Luxen, se reuni\u00f3 con el Ministro de Salud<\/p>\n","protected":false},"author":1,"featured_media":2020,"comment_status":"closed","ping_status":"closed","sticky":false,"template":"","format":"standard","meta":{"footnotes":""},"categories":[4],"tags":[],"class_list":["post-2019","post","type-post","status-publish","format-standard","has-post-thumbnail","hentry","category-politica"],"_links":{"self":[{"href":"https:\/\/notidiario24.com.ar\/portalweb\/wp-json\/wp\/v2\/posts\/2019","targetHints":{"allow":["GET"]}}],"collection":[{"href":"https:\/\/notidiario24.com.ar\/portalweb\/wp-json\/wp\/v2\/posts"}],"about":[{"href":"https:\/\/notidiario24.com.ar\/portalweb\/wp-json\/wp\/v2\/types\/post"}],"author":[{"embeddable":true,"href":"https:\/\/notidiario24.com.ar\/portalweb\/wp-json\/wp\/v2\/users\/1"}],"replies":[{"embeddable":true,"href":"https:\/\/notidiario24.com.ar\/portalweb\/wp-json\/wp\/v2\/comments?post=2019"}],"version-history":[{"count":1,"href":"https:\/\/notidiario24.com.ar\/portalweb\/wp-json\/wp\/v2\/posts\/2019\/revisions"}],"predecessor-version":[{"id":2021,"href":"https:\/\/notidiario24.com.ar\/portalweb\/wp-json\/wp\/v2\/posts\/2019\/revisions\/2021"}],"wp:featuredmedia":[{"embeddable":true,"href":"https:\/\/notidiario24.com.ar\/portalweb\/wp-json\/wp\/v2\/media\/2020"}],"wp:attachment":[{"href":"https:\/\/notidiario24.com.ar\/portalweb\/wp-json\/wp\/v2\/media?parent=2019"}],"wp:term":[{"taxonomy":"category","embeddable":true,"href":"https:\/\/notidiario24.com.ar\/portalweb\/wp-json\/wp\/v2\/categories?post=2019"},{"taxonomy":"post_tag","embeddable":true,"href":"https:\/\/notidiario24.com.ar\/portalweb\/wp-json\/wp\/v2\/tags?post=2019"}],"curies":[{"name":"wp","href":"https:\/\/api.w.org\/{rel}","templated":true}]}}