{"id":2016,"date":"2024-08-07T02:47:16","date_gmt":"2024-08-07T02:47:16","guid":{"rendered":"https:\/\/notidiario24.com.ar\/portalweb\/?p=2016"},"modified":"2024-08-07T02:47:17","modified_gmt":"2024-08-07T02:47:17","slug":"continuan-los-trabajos-en-los-barrios-de-rio-gallegos-para-mejorar-la-transitabilidad-de-las-calles-de-ripio","status":"publish","type":"post","link":"https:\/\/notidiario24.com.ar\/portalweb\/2024\/08\/07\/continuan-los-trabajos-en-los-barrios-de-rio-gallegos-para-mejorar-la-transitabilidad-de-las-calles-de-ripio\/","title":{"rendered":"Contin\u00faan los trabajos en los barrios de R\u00edo Gallegos para mejorar la transitabilidad de las calles de ripio"},"content":{"rendered":"\n<p>La Secretar\u00eda de Construcci\u00f3n y Ordenamiento Territorial de R\u00edo Gallegos avanza con tareas en los barrios con el objetivo de mejorar el tr\u00e1nsito en las calles, principalmente en las de ripio.<\/p>\n\n\n\n<!--more-->\n\n\n\n<p>Este mi\u00e9rcoles por la ma\u00f1ana, el personal municipal trabaj\u00f3 con las maquinas viales en los barrios Evita y San Benito.<\/p>\n\n\n\n<p>En primer lugar, una de las motoniveladoras estuvo haciendo tareas de perfilado en el barrio Evita y otra sobre la traza de la calle 38 en el San Benito.<\/p>\n\n\n\n<p>Adem\u00e1s, espacios verdes avanz\u00f3 con el mantenimiento en la plaza de los Campeones (ubicada en la costanera) y trabaj\u00f3 con poda baja en la plaza del Mate, situada sobre Autov\u00eda 17 de Octubre.<\/p>\n","protected":false},"excerpt":{"rendered":"<p>La Secretar\u00eda de Construcci\u00f3n y Ordenamiento Territorial de R\u00edo Gallegos avanza con tareas en los barrios con el<\/p>\n","protected":false},"author":1,"featured_media":2017,"comment_status":"closed","ping_status":"closed","sticky":false,"template":"","format":"standard","meta":{"footnotes":""},"categories":[3],"tags":[],"class_list":["post-2016","post","type-post","status-publish","format-standard","has-post-thumbnail","hentry","category-generales"],"_links":{"self":[{"href":"https:\/\/notidiario24.com.ar\/portalweb\/wp-json\/wp\/v2\/posts\/2016","targetHints":{"allow":["GET"]}}],"collection":[{"href":"https:\/\/notidiario24.com.ar\/portalweb\/wp-json\/wp\/v2\/posts"}],"about":[{"href":"https:\/\/notidiario24.com.ar\/portalweb\/wp-json\/wp\/v2\/types\/post"}],"author":[{"embeddable":true,"href":"https:\/\/notidiario24.com.ar\/portalweb\/wp-json\/wp\/v2\/users\/1"}],"replies":[{"embeddable":true,"href":"https:\/\/notidiario24.com.ar\/portalweb\/wp-json\/wp\/v2\/comments?post=2016"}],"version-history":[{"count":1,"href":"https:\/\/notidiario24.com.ar\/portalweb\/wp-json\/wp\/v2\/posts\/2016\/revisions"}],"predecessor-version":[{"id":2018,"href":"https:\/\/notidiario24.com.ar\/portalweb\/wp-json\/wp\/v2\/posts\/2016\/revisions\/2018"}],"wp:featuredmedia":[{"embeddable":true,"href":"https:\/\/notidiario24.com.ar\/portalweb\/wp-json\/wp\/v2\/media\/2017"}],"wp:attachment":[{"href":"https:\/\/notidiario24.com.ar\/portalweb\/wp-json\/wp\/v2\/media?parent=2016"}],"wp:term":[{"taxonomy":"category","embeddable":true,"href":"https:\/\/notidiario24.com.ar\/portalweb\/wp-json\/wp\/v2\/categories?post=2016"},{"taxonomy":"post_tag","embeddable":true,"href":"https:\/\/notidiario24.com.ar\/portalweb\/wp-json\/wp\/v2\/tags?post=2016"}],"curies":[{"name":"wp","href":"https:\/\/api.w.org\/{rel}","templated":true}]}}