{"id":2013,"date":"2024-08-07T02:41:02","date_gmt":"2024-08-07T02:41:02","guid":{"rendered":"https:\/\/notidiario24.com.ar\/portalweb\/?p=2013"},"modified":"2024-08-07T02:41:03","modified_gmt":"2024-08-07T02:41:03","slug":"jornada-de-formacion-integral-en-violencia-por-motivos-de-genero-en-puerto-deseado","status":"publish","type":"post","link":"https:\/\/notidiario24.com.ar\/portalweb\/2024\/08\/07\/jornada-de-formacion-integral-en-violencia-por-motivos-de-genero-en-puerto-deseado\/","title":{"rendered":"Jornada de Formaci\u00f3n Integral en Violencia por Motivos de G\u00e9nero en Puerto Deseado"},"content":{"rendered":"\n<p>En la jornada de esta ma\u00f1ana pasadas las 10hs, en el marco del programa de Formaci\u00f3n Integral destinado a las Fuerzas de Seguridad, titulado \u00abHerramientas t\u00e9cnicas y te\u00f3ricas de abordaje en violencia por motivos de g\u00e9nero\u00bb, se llev\u00f3 a cabo una exitosa jornada abierta a la comunidad en el Centro Cultural Municipal de Puerto Deseado. Este evento fue organizado por la Secretar\u00eda de Pol\u00edticas Integrales para la Igualdad de Caleta Olivia, en coordinaci\u00f3n con el Ministerio de Seguridad Provincial, y cont\u00f3 con la colaboraci\u00f3n de la Municipalidad de Puerto Deseado.<\/p>\n\n\n\n<!--more-->\n\n\n\n<p>La jornada fue dirigida por destacados disertantes, Paola Ramos, Secretaria de Pol\u00edticas Integrales para la Igualdad, y el Subsecretario Felipe Zabala, ambos provenientes de Caleta Olivia. La actividad cont\u00f3 con la presencia del Sr. Jefe del Departamento de la Subdirecci\u00f3n de la Direcci\u00f3n General Regional Norte, Comisario Inspector Cristian Garay, y tuvo una amplia participaci\u00f3n de autoridades locales, miembros del Consejo Deliberante, la Secretar\u00eda de Gobierno, diversas \u00e1reas dependientes de la Secretar\u00eda de Desarrollo Social, as\u00ed como personal policial de la Divisi\u00f3n Comisar\u00eda, Divisi\u00f3n de Investigaciones, Divisi\u00f3n Bomberos y del Servicio Penitenciario.<\/p>\n\n\n\n<p>Esta iniciativa forma parte de los esfuerzos continuos para capacitar a las fuerzas de seguridad y la comunidad en general, proporcionando herramientas t\u00e9cnicas y te\u00f3ricas esenciales para el abordaje de la violencia por motivos de g\u00e9nero, fortaleciendo as\u00ed la respuesta y prevenci\u00f3n de este grave problema social.<\/p>\n\n\n\n<iframe loading=\"lazy\" src=\"https:\/\/www.facebook.com\/plugins\/video.php?height=314&#038;href=https%3A%2F%2Fwww.facebook.com%2F100010214852862%2Fvideos%2F3788670501406872%2F&#038;show_text=false&#038;width=560&#038;t=0\" width=\"560\" height=\"314\" style=\"border:none;overflow:hidden\" scrolling=\"no\" frameborder=\"0\" allowfullscreen=\"true\" allow=\"autoplay; clipboard-write; encrypted-media; picture-in-picture; web-share\" allowFullScreen=\"true\"><\/iframe>\n","protected":false},"excerpt":{"rendered":"<p>En la jornada de esta ma\u00f1ana pasadas las 10hs, en el marco del programa de Formaci\u00f3n Integral destinado<\/p>\n","protected":false},"author":1,"featured_media":2014,"comment_status":"closed","ping_status":"closed","sticky":false,"template":"","format":"standard","meta":{"footnotes":""},"categories":[3],"tags":[],"class_list":["post-2013","post","type-post","status-publish","format-standard","has-post-thumbnail","hentry","category-generales"],"_links":{"self":[{"href":"https:\/\/notidiario24.com.ar\/portalweb\/wp-json\/wp\/v2\/posts\/2013","targetHints":{"allow":["GET"]}}],"collection":[{"href":"https:\/\/notidiario24.com.ar\/portalweb\/wp-json\/wp\/v2\/posts"}],"about":[{"href":"https:\/\/notidiario24.com.ar\/portalweb\/wp-json\/wp\/v2\/types\/post"}],"author":[{"embeddable":true,"href":"https:\/\/notidiario24.com.ar\/portalweb\/wp-json\/wp\/v2\/users\/1"}],"replies":[{"embeddable":true,"href":"https:\/\/notidiario24.com.ar\/portalweb\/wp-json\/wp\/v2\/comments?post=2013"}],"version-history":[{"count":1,"href":"https:\/\/notidiario24.com.ar\/portalweb\/wp-json\/wp\/v2\/posts\/2013\/revisions"}],"predecessor-version":[{"id":2015,"href":"https:\/\/notidiario24.com.ar\/portalweb\/wp-json\/wp\/v2\/posts\/2013\/revisions\/2015"}],"wp:featuredmedia":[{"embeddable":true,"href":"https:\/\/notidiario24.com.ar\/portalweb\/wp-json\/wp\/v2\/media\/2014"}],"wp:attachment":[{"href":"https:\/\/notidiario24.com.ar\/portalweb\/wp-json\/wp\/v2\/media?parent=2013"}],"wp:term":[{"taxonomy":"category","embeddable":true,"href":"https:\/\/notidiario24.com.ar\/portalweb\/wp-json\/wp\/v2\/categories?post=2013"},{"taxonomy":"post_tag","embeddable":true,"href":"https:\/\/notidiario24.com.ar\/portalweb\/wp-json\/wp\/v2\/tags?post=2013"}],"curies":[{"name":"wp","href":"https:\/\/api.w.org\/{rel}","templated":true}]}}