{"id":1601,"date":"2024-05-04T14:24:56","date_gmt":"2024-05-04T14:24:56","guid":{"rendered":"https:\/\/notidiario24.com.ar\/portalweb\/?p=1601"},"modified":"2024-05-04T14:24:57","modified_gmt":"2024-05-04T14:24:57","slug":"salud-desarrollo-y-trabajo-en-territorio-la-provincia-continua-marcando-presencia","status":"publish","type":"post","link":"https:\/\/notidiario24.com.ar\/portalweb\/2024\/05\/04\/salud-desarrollo-y-trabajo-en-territorio-la-provincia-continua-marcando-presencia\/","title":{"rendered":"Salud, Desarrollo y Trabajo en territorio: la provincia contin\u00faa marcando presencia"},"content":{"rendered":"\n<p>Los ministros de Salud, Ariel Varela, de Desarrollo Social, Jazm\u00edn Macchiavelli; y de Trabajo, Julio Guti\u00e9rrez; recorrieron Puerto Deseado y dialogaron con los actores sociales y productivos. \u201cQueremos que Puerto Deseado recupere su categor\u00eda y vuelva a ser el mejor puerto de Argentina\u201d, asever\u00f3 el titular de la Cartera Laboral.<\/p>\n\n\n\n<!--more-->\n\n\n\n<p>Continuando con la agenda de los ministros y autoridades provinciales en la localidad de Puerto Deseado, la Salud, el Trabajo y el Desarrollo Social marcaron presencia en el territorio, abordando cada una de las necesidades y dialogando con sus respectivos actores.<\/p>\n\n\n\n<p>El ministro de Salud y Ambiente, Ariel Varela, se\u00f1al\u00f3 que tuvieron un gran recibimiento en la localidad. \u201cEstuvimos hablando con los directivos m\u00e9dicos, como as\u00ed tambi\u00e9n la parte administrativa\u201d, mencion\u00f3.<\/p>\n\n\n\n<p>Luego, dando continuidad al trabajo con el sector sanitario, se\u00f1al\u00f3 que dialogaron con los diferentes actores de distintos servicios y trabajadores de la salud, como as\u00ed tambi\u00e9n con los gremios. \u201cPlanteamos una mesa de trabajo en conjunto para poder sacar los servicios adelante, que es lo que necesita la comunidad de Puerto Deseado\u201d.<\/p>\n\n\n\n<p>En l\u00edneas generales, sintetiz\u00f3, \u201cme voy contento, porque la verdad que el hospital est\u00e1 funcionando y en estos cuatro meses de gesti\u00f3n, est\u00e1 en una situaci\u00f3n estable y con un crecimiento importante\u201d.<\/p>\n\n\n\n<p>En cuanto a la situaci\u00f3n general en Deseado: \u201cEstuvimos viendo la situaci\u00f3n de insumos, y nos encontramos en una situaci\u00f3n cr\u00edtica, que se est\u00e1 solucionando. Hoy en d\u00eda, con la nueva ley de emergencia administrativa que sac\u00f3 la provincia, nos va a ayudar mucho, ya que los insumos van a poder llegar mucho m\u00e1s r\u00e1pido\u201d.<\/p>\n\n\n\n<p>\u201cSe ha destinado tambi\u00e9n un gran importe para poder la compra de insumos a nivel provincial, que en el corto tiempo estar\u00e1 llegando para toda la comunidad de Santa Cruz\u201d, adelant\u00f3 luego.<\/p>\n\n\n\n<p>Sobre la falta de recursos de la Naci\u00f3n, record\u00f3 que la provincia tuvo muchos recortes: \u201cEl Ministerio de Salud de la Naci\u00f3n ha recortado aproximadamente 140 mil millones, que va a repercutir en todas las provincias de la Argentina. Nosotros, con el gobernador y el Ejecutivo, hemos planteado estrategias sanitarias, donde la provincia se est\u00e1 haciendo cargo de cada uno de los pacientes que tienen carnet hospitalario, que tendr\u00eda que cubrirlo Naci\u00f3n\u201d.<\/p>\n\n\n\n<p>En este punto, record\u00f3 que \u201cla provincia se hace cargo de esta situaci\u00f3n porque la salud est\u00e1 por encima de cualquier entidad o situaci\u00f3n pol\u00edtica, porque es primordial, por lo menos para nosotros, para los santacruce\u00f1os\u201d.<\/p>\n\n\n\n<p>En cuanto a la reuni\u00f3n con directores del Hospital de Puerto Deseado, se realiz\u00f3 un an\u00e1lisis de la situaci\u00f3n de los servicios hospitalarios donde se inform\u00f3 el estado de facturaci\u00f3n del nosocomio. Adem\u00e1s, se realiz\u00f3 la entrega de neum\u00e1ticos para ambulancias y utilitarios.<\/p>\n\n\n\n<p>Al reunirse con los trabajadores de diferentes servicios del hospital, se plantearon diferentes reclamos, los cuales fueron escuchados para una mejora de servicios, tal como lo encomend\u00f3 el gobernador Claudio Vidal.<\/p>\n\n\n\n<p>Adem\u00e1s, las autoridades tuvieron la reuni\u00f3n con representantes del gremio, donde tambi\u00e9n se plantearon inquietudes y mesa de trabajo en conjunto, para mejor el funcionamiento del Hospital de la localidad, encuentro en el que Varela estuvo acompa\u00f1ado por el diputado Santiago Aberastain y concejal Marcelo Vidal.<\/p>\n\n\n\n<p>En Trabajo<\/p>\n\n\n\n<p>El ministro de Trabajo, Empleo y Seguridad Social, Julio Guti\u00e9rrez; en tanto, habl\u00f3 del balance de la jornada de trabajo de ayer y las expectativas en la localidad portuaria, donde, tal como mencion\u00f3, mantuvieron una agenda muy amplia con un trabajo con toda la sociedad.<\/p>\n\n\n\n<p>\u201cComprometimos la palabra de tener, en cada localidad de la provincia, una reuni\u00f3n de gabinete y, en esta oportunidad, por decisi\u00f3n del Gobernador, fue una reuni\u00f3n de gabinete extendida porque vinieron secretarios, subsecretarios, los ministros y todo el equipo de gobierno a trabajar con la ciudad de Puerto Deseado\u201d, resalt\u00f3.<\/p>\n\n\n\n<p>Asegur\u00f3 que se da a pedido del mandatario santacruce\u00f1o que \u201cnos encomend\u00f3 venir, hablar con la gente y no esperar en un escritorio\u201d.<\/p>\n\n\n\n<p>\u201cEn lo que respecta a este Ministerio, yo ya he venido varias veces desde que asumimos y tenemos un fuerte trabajo con el ministro de la Producci\u00f3n, y con el ministro de Seguridad, teniendo en cuenta que lo m\u00e1s importante que tiene Puerto Deseado, y que tambi\u00e9n es una pol\u00edtica p\u00fablica, es que ese puerto se transforme en el m\u00e1s importante del pa\u00eds\u201d, puntualiz\u00f3.<\/p>\n\n\n\n<p>\u201cEstuvimos trabajando fuertemente respecto a lo que es seguridad, para que este puerto sea el puerto multiprop\u00f3sito que todos queremos para Puerto Deseado y para la provincia\u201d, agreg\u00f3.<\/p>\n\n\n\n<p>\u201cEs un mandato del gobernador que todo lo que produzca la provincia de Santa Cruz salga por este puerto, con lo cual la importancia para nosotros va a ser sustancial, y para la Argentina tambi\u00e9n. Este fue hace muchos a\u00f1os el mejor puerto de la Argentina. Queremos que vuelva a tener esa categor\u00eda\u201d, sentenci\u00f3.<\/p>\n\n\n\n<p>Desarrollo Social, Igualdad e Integraci\u00f3n<\/p>\n\n\n\n<p>Por su parte la ministra de Desarrollo Social, Igualdad e Integraci\u00f3n, Jazm\u00edn Macchiavelli dijo que su presencia en Puerto Deseado es un \u201ctrabajo en territorio, al lado del vecino\u201d.<\/p>\n\n\n\n<p>La funcionaria provincial cont\u00f3 que \u201cla realidad de la ciudad no escapa a la situaci\u00f3n a nivel nacional y en toda la provincia. Personalmente estuve en el CIC, atendiendo a los vecinos, luego visitamos diferentes viviendas, en particular de los barrios, de la periferia, sabemos de los problemas de infraestructura, hay muchas necesidades, de las cuales hemos ido gestionando y lo vamos a seguir haciendo\u201d.<\/p>\n\n\n\n<p>Ayer se reuni\u00f3 con cooperativas, con agrupaciones de pueblos originarios, \u201cquienes nos trajeron sus inquietudes de tantos a\u00f1os. Y con vecinos en particular, familias, en cada uno de los barrios que se encuentran m\u00e1s en la periferia de las localidades, que son los que padecen m\u00e1s los problemas de infraestructura\u201d.<\/p>\n\n\n\n<p>Marc\u00f3 principalmente \u201cla falta de los programas nacionales y la preocupaci\u00f3n por el desempleo, ah\u00ed estamos acompa\u00f1ando en cada una de las situaciones\u201d.<\/p>\n","protected":false},"excerpt":{"rendered":"<p>Los ministros de Salud, Ariel Varela, de Desarrollo Social, Jazm\u00edn Macchiavelli; y de Trabajo, Julio Guti\u00e9rrez; recorrieron Puerto<\/p>\n","protected":false},"author":1,"featured_media":1602,"comment_status":"closed","ping_status":"closed","sticky":false,"template":"","format":"standard","meta":{"footnotes":""},"categories":[4],"tags":[],"class_list":["post-1601","post","type-post","status-publish","format-standard","has-post-thumbnail","hentry","category-politica"],"_links":{"self":[{"href":"https:\/\/notidiario24.com.ar\/portalweb\/wp-json\/wp\/v2\/posts\/1601","targetHints":{"allow":["GET"]}}],"collection":[{"href":"https:\/\/notidiario24.com.ar\/portalweb\/wp-json\/wp\/v2\/posts"}],"about":[{"href":"https:\/\/notidiario24.com.ar\/portalweb\/wp-json\/wp\/v2\/types\/post"}],"author":[{"embeddable":true,"href":"https:\/\/notidiario24.com.ar\/portalweb\/wp-json\/wp\/v2\/users\/1"}],"replies":[{"embeddable":true,"href":"https:\/\/notidiario24.com.ar\/portalweb\/wp-json\/wp\/v2\/comments?post=1601"}],"version-history":[{"count":1,"href":"https:\/\/notidiario24.com.ar\/portalweb\/wp-json\/wp\/v2\/posts\/1601\/revisions"}],"predecessor-version":[{"id":1603,"href":"https:\/\/notidiario24.com.ar\/portalweb\/wp-json\/wp\/v2\/posts\/1601\/revisions\/1603"}],"wp:featuredmedia":[{"embeddable":true,"href":"https:\/\/notidiario24.com.ar\/portalweb\/wp-json\/wp\/v2\/media\/1602"}],"wp:attachment":[{"href":"https:\/\/notidiario24.com.ar\/portalweb\/wp-json\/wp\/v2\/media?parent=1601"}],"wp:term":[{"taxonomy":"category","embeddable":true,"href":"https:\/\/notidiario24.com.ar\/portalweb\/wp-json\/wp\/v2\/categories?post=1601"},{"taxonomy":"post_tag","embeddable":true,"href":"https:\/\/notidiario24.com.ar\/portalweb\/wp-json\/wp\/v2\/tags?post=1601"}],"curies":[{"name":"wp","href":"https:\/\/api.w.org\/{rel}","templated":true}]}}