{"id":1595,"date":"2024-05-04T14:21:21","date_gmt":"2024-05-04T14:21:21","guid":{"rendered":"https:\/\/notidiario24.com.ar\/portalweb\/?p=1595"},"modified":"2024-05-04T14:21:22","modified_gmt":"2024-05-04T14:21:22","slug":"puerto-deseado-mineria-y-recursos-hidricos-se-suman-a-los-ejes-del-gobierno","status":"publish","type":"post","link":"https:\/\/notidiario24.com.ar\/portalweb\/2024\/05\/04\/puerto-deseado-mineria-y-recursos-hidricos-se-suman-a-los-ejes-del-gobierno\/","title":{"rendered":"Puerto Deseado: Miner\u00eda y Recursos H\u00eddricos se suman a los ejes del Gobierno"},"content":{"rendered":"\n<p>Con la presencia del Gabinete Provincial en la localidad portuaria, las Secretar\u00edas Estado de Miner\u00eda y Recursos H\u00eddricos mantuvieron reuniones sobre los recursos en la Zona Norte. \u201cVamos a hacer nexos con las empresas mineras para potenciar Santa Cruz\u201d, se\u00f1al\u00f3 la titular de Miner\u00eda, Nadia Ricci.<\/p>\n\n\n\n<!--more-->\n\n\n\n<p>Nadia Ricci, secretaria de Miner\u00eda y Juan Moyano, secretario de Recursos H\u00eddricos, se reunieron con representantes del municipio para analizar tem\u00e1ticas relacionadas con los servicios p\u00fablicos.<\/p>\n\n\n\n<p>Estuvieron reunidos, adem\u00e1s, con el vicepresidente de la empresa Genuk, Guillermo Mart\u00edn Moretti; el titular de Almar Group, y miembro de la C\u00e1mara, Carlos Bidabehere y el primer vocal titular de la empresa Almar Group de Puerto Deseado, Osvaldo Bidabehere.<\/p>\n\n\n\n<p>En este sentido, y en primera instancia, Ricci explic\u00f3 que visitaron Tellier, ubicado a unos 20 km de Puerto Deseado, donde se eval\u00faa la posibilidad de captar pozos para el consumo de agua y se realizan estudios geol\u00f3gicos e h\u00eddricos.<\/p>\n\n\n\n<p>Tambi\u00e9n, agreg\u00f3, que mantuvieron una reuni\u00f3n con la C\u00e1mara de Proveedores de Insumos y Prestadores de Servicios de los Sectores Energ\u00e9tico, Minero y Ambiental (CAPPEMA): \u201cLa idea es colaborar o hacer de nexos con las empresas mineras en relaci\u00f3n a la inclusi\u00f3n dentro de lo que es la cadena, la matriz, de compre local de las empresas mineras, c\u00f3mo sustituir o no algunos productos o de qu\u00e9 manera desarrollarlos dentro de la provincia de Santa Cruz, que es algo muy importante\u201d.<\/p>\n\n\n\n<p>Luego, al ser consultada sobre el potencial que tiene el departamento Deseado en t\u00e9rminos de la recaudaci\u00f3n para la provincia, con el aporte que pueda ser miner\u00eda, Ricci dijo que \u201cestamos en una situaci\u00f3n en relaci\u00f3n a la miner\u00eda bastante compleja por cuanto venimos con una merma en la producci\u00f3n en general y, lamentablemente, una disminuci\u00f3n en la exploraci\u00f3n\u201d.<\/p>\n\n\n\n<p>En este sentido, mencion\u00f3 que \u201cel gobierno anterior ha dejado un desastre en relaci\u00f3n, de alguna manera, de presionar a las empresas para la contrataci\u00f3n de un solo proveedor en perforaciones, el trato con el sindicato que hace que el trabajo en la provincia de Santa Cruz realmente haya tenido tanta merma\u201d, y agreg\u00f3 que \u201cno podemos explicar c\u00f3mo San Juan, con much\u00edsimo menos potencial, tiene pr\u00e1cticamente el triple de exploraci\u00f3n que la provincia de Santa Cruz, as\u00ed que estamos en ese trabajo de revertir esa curva\u201d.<\/p>\n","protected":false},"excerpt":{"rendered":"<p>Con la presencia del Gabinete Provincial en la localidad portuaria, las Secretar\u00edas Estado de Miner\u00eda y Recursos H\u00eddricos<\/p>\n","protected":false},"author":1,"featured_media":1596,"comment_status":"closed","ping_status":"closed","sticky":false,"template":"","format":"standard","meta":{"footnotes":""},"categories":[4],"tags":[],"class_list":["post-1595","post","type-post","status-publish","format-standard","has-post-thumbnail","hentry","category-politica"],"_links":{"self":[{"href":"https:\/\/notidiario24.com.ar\/portalweb\/wp-json\/wp\/v2\/posts\/1595","targetHints":{"allow":["GET"]}}],"collection":[{"href":"https:\/\/notidiario24.com.ar\/portalweb\/wp-json\/wp\/v2\/posts"}],"about":[{"href":"https:\/\/notidiario24.com.ar\/portalweb\/wp-json\/wp\/v2\/types\/post"}],"author":[{"embeddable":true,"href":"https:\/\/notidiario24.com.ar\/portalweb\/wp-json\/wp\/v2\/users\/1"}],"replies":[{"embeddable":true,"href":"https:\/\/notidiario24.com.ar\/portalweb\/wp-json\/wp\/v2\/comments?post=1595"}],"version-history":[{"count":1,"href":"https:\/\/notidiario24.com.ar\/portalweb\/wp-json\/wp\/v2\/posts\/1595\/revisions"}],"predecessor-version":[{"id":1597,"href":"https:\/\/notidiario24.com.ar\/portalweb\/wp-json\/wp\/v2\/posts\/1595\/revisions\/1597"}],"wp:featuredmedia":[{"embeddable":true,"href":"https:\/\/notidiario24.com.ar\/portalweb\/wp-json\/wp\/v2\/media\/1596"}],"wp:attachment":[{"href":"https:\/\/notidiario24.com.ar\/portalweb\/wp-json\/wp\/v2\/media?parent=1595"}],"wp:term":[{"taxonomy":"category","embeddable":true,"href":"https:\/\/notidiario24.com.ar\/portalweb\/wp-json\/wp\/v2\/categories?post=1595"},{"taxonomy":"post_tag","embeddable":true,"href":"https:\/\/notidiario24.com.ar\/portalweb\/wp-json\/wp\/v2\/tags?post=1595"}],"curies":[{"name":"wp","href":"https:\/\/api.w.org\/{rel}","templated":true}]}}