{"id":1589,"date":"2024-05-04T14:18:46","date_gmt":"2024-05-04T14:18:46","guid":{"rendered":"https:\/\/notidiario24.com.ar\/portalweb\/?p=1589"},"modified":"2024-05-04T14:18:47","modified_gmt":"2024-05-04T14:18:47","slug":"vidal-llego-a-puerto-deseado-y-recorrio-todos-los-sectores-de-la-zona-norte","status":"publish","type":"post","link":"https:\/\/notidiario24.com.ar\/portalweb\/2024\/05\/04\/vidal-llego-a-puerto-deseado-y-recorrio-todos-los-sectores-de-la-zona-norte\/","title":{"rendered":"Vidal lleg\u00f3 a Puerto Deseado y recorri\u00f3 todos los sectores de la zona norte"},"content":{"rendered":"\n<p>Tal como estaba previsto, el gobernador Claudio Vidal lleg\u00f3 a la localidad de la zona norte junto al gabinete provincial con un despliegue de trabajo con presencia en todo el territorio. Al mediod\u00eda, recibir\u00e1 al presidente de la Xunta de Galicia, Alfonso Rueda Valenzuela.<\/p>\n\n\n\n<!--more-->\n\n\n\n<p>El mandatario santacruce\u00f1o lleg\u00f3 a Puerto Deseado, localidad de la zona norte donde tambi\u00e9n se encuentra el gabinete provincial. Al llegar, el gobernador recorri\u00f3 instituciones educativas y dialog\u00f3, de primera mano, con trabajadores de la localidad portuaria. Junto a los ministros de Santa Cruz, adem\u00e1s, se re\u00fane con los distintos sectores productivos, de educaci\u00f3n, salud y desarrollo social.<\/p>\n\n\n\n<p>Al llegar, el gobernador record\u00f3 que \u201chemos recorrido en otro momento la provincia y sabemos cu\u00e1l es la situaci\u00f3n real de los establecimientos p\u00fablicos educativos\u201d.<\/p>\n\n\n\n<p>\u201cHay que venir, hay que hacer un an\u00e1lisis de la situaci\u00f3n y ver c\u00f3mo resolvemos\u201d, afirm\u00f3. Record\u00f3 que, d\u00edas atr\u00e1s, se aprob\u00f3 la ley de Emergencia Administrativa, algo que consider\u00f3 \u201cmuy importante porque nos da herramientas de poder resolver distintas situaciones en muy poco tiempo\u201d.<\/p>\n\n\n\n<p>Asegur\u00f3 que \u201ces cuesti\u00f3n de ponernos a trabajar, es muy importante el trabajo entre provincia y municipio, eso es clave, yo siempre digo que los ojos del gobierno provincial tienen que ser los intendentes, sus diputados, es la forma de trabajar y no importa la identidad pol\u00edtica\u201d.<\/p>\n\n\n\n<p>Como parte del trabajo en la Zona Norte, este mediod\u00eda el gobernador santacruce\u00f1o recibir\u00e1 al presidente de la Xunta de Galicia, Alfonso Rueda Valenzuela.<\/p>\n","protected":false},"excerpt":{"rendered":"<p>Tal como estaba previsto, el gobernador Claudio Vidal lleg\u00f3 a la localidad de la zona norte junto al<\/p>\n","protected":false},"author":1,"featured_media":1590,"comment_status":"closed","ping_status":"closed","sticky":false,"template":"","format":"standard","meta":{"footnotes":""},"categories":[4],"tags":[],"class_list":["post-1589","post","type-post","status-publish","format-standard","has-post-thumbnail","hentry","category-politica"],"_links":{"self":[{"href":"https:\/\/notidiario24.com.ar\/portalweb\/wp-json\/wp\/v2\/posts\/1589","targetHints":{"allow":["GET"]}}],"collection":[{"href":"https:\/\/notidiario24.com.ar\/portalweb\/wp-json\/wp\/v2\/posts"}],"about":[{"href":"https:\/\/notidiario24.com.ar\/portalweb\/wp-json\/wp\/v2\/types\/post"}],"author":[{"embeddable":true,"href":"https:\/\/notidiario24.com.ar\/portalweb\/wp-json\/wp\/v2\/users\/1"}],"replies":[{"embeddable":true,"href":"https:\/\/notidiario24.com.ar\/portalweb\/wp-json\/wp\/v2\/comments?post=1589"}],"version-history":[{"count":1,"href":"https:\/\/notidiario24.com.ar\/portalweb\/wp-json\/wp\/v2\/posts\/1589\/revisions"}],"predecessor-version":[{"id":1591,"href":"https:\/\/notidiario24.com.ar\/portalweb\/wp-json\/wp\/v2\/posts\/1589\/revisions\/1591"}],"wp:featuredmedia":[{"embeddable":true,"href":"https:\/\/notidiario24.com.ar\/portalweb\/wp-json\/wp\/v2\/media\/1590"}],"wp:attachment":[{"href":"https:\/\/notidiario24.com.ar\/portalweb\/wp-json\/wp\/v2\/media?parent=1589"}],"wp:term":[{"taxonomy":"category","embeddable":true,"href":"https:\/\/notidiario24.com.ar\/portalweb\/wp-json\/wp\/v2\/categories?post=1589"},{"taxonomy":"post_tag","embeddable":true,"href":"https:\/\/notidiario24.com.ar\/portalweb\/wp-json\/wp\/v2\/tags?post=1589"}],"curies":[{"name":"wp","href":"https:\/\/api.w.org\/{rel}","templated":true}]}}