{"id":1582,"date":"2024-05-04T14:14:50","date_gmt":"2024-05-04T14:14:50","guid":{"rendered":"https:\/\/notidiario24.com.ar\/portalweb\/?p=1582"},"modified":"2024-05-04T14:14:51","modified_gmt":"2024-05-04T14:14:51","slug":"santa-cruz-estuvo-presente-en-el-consejo-federal-de-drogas","status":"publish","type":"post","link":"https:\/\/notidiario24.com.ar\/portalweb\/2024\/05\/04\/santa-cruz-estuvo-presente-en-el-consejo-federal-de-drogas\/","title":{"rendered":"Santa Cruz estuvo presente en el Consejo Federal de Drogas"},"content":{"rendered":"\n<p>En la Ciudad Aut\u00f3noma de Buenos Aires, se llev\u00f3 a cabo la primera asamblea anual del Consejo Federal de Drogas (CODEFRO), con la presencia del ministro de Salud de la Naci\u00f3n, Mario Russo, el secretario de Pol\u00edticas Integrales sobre Drogas (SEDRONAR), Roberto Moro, y en representaci\u00f3n de la provincia de Santa Cruz, la subsecretaria de Salud Mental Integral, Mar\u00eda Jes\u00fas Trillard.<\/p>\n\n\n\n<!--more-->\n\n\n\n<p>Durante el encuentro, que convoc\u00f3 a los representantes de las 24 jurisdicciones en materia de pol\u00edticas de drogas, se presentaron estrategias de trabajo y l\u00edneas de acci\u00f3n en prevenci\u00f3n, atenci\u00f3n, tratamiento e investigaci\u00f3n de la problem\u00e1tica del consumo de sustancias de parte de SEDRONAR.<\/p>\n\n\n\n<figure class=\"wp-block-image size-full\"><img loading=\"lazy\" decoding=\"async\" width=\"900\" height=\"600\" src=\"https:\/\/notidiario24.com.ar\/portalweb\/wp-content\/uploads\/2024\/05\/eddfad1ee2181a24eaa8b56f57e37ebd_XL.jpg\" alt=\"\" class=\"wp-image-1584\" srcset=\"https:\/\/notidiario24.com.ar\/portalweb\/wp-content\/uploads\/2024\/05\/eddfad1ee2181a24eaa8b56f57e37ebd_XL.jpg 900w, https:\/\/notidiario24.com.ar\/portalweb\/wp-content\/uploads\/2024\/05\/eddfad1ee2181a24eaa8b56f57e37ebd_XL-300x200.jpg 300w, https:\/\/notidiario24.com.ar\/portalweb\/wp-content\/uploads\/2024\/05\/eddfad1ee2181a24eaa8b56f57e37ebd_XL-768x512.jpg 768w\" sizes=\"auto, (max-width: 900px) 100vw, 900px\" \/><\/figure>\n\n\n\n<p>El COFEDRO es un espacio federal donde los funcionarios y autoridades de los 24 distritos del pa\u00eds vinculados a la materia, junto al equipo de la SEDRONAR, abordan diagn\u00f3sticos y discuten pol\u00edticas y estrategias con el fin de atender las particularidades de cada provincia, de modo que los planes y programas de intervenci\u00f3n respondan a las necesidades regionales y locales.<\/p>\n","protected":false},"excerpt":{"rendered":"<p>En la Ciudad Aut\u00f3noma de Buenos Aires, se llev\u00f3 a cabo la primera asamblea anual del Consejo Federal<\/p>\n","protected":false},"author":1,"featured_media":1583,"comment_status":"closed","ping_status":"closed","sticky":false,"template":"","format":"standard","meta":{"footnotes":""},"categories":[4],"tags":[],"class_list":["post-1582","post","type-post","status-publish","format-standard","has-post-thumbnail","hentry","category-politica"],"_links":{"self":[{"href":"https:\/\/notidiario24.com.ar\/portalweb\/wp-json\/wp\/v2\/posts\/1582","targetHints":{"allow":["GET"]}}],"collection":[{"href":"https:\/\/notidiario24.com.ar\/portalweb\/wp-json\/wp\/v2\/posts"}],"about":[{"href":"https:\/\/notidiario24.com.ar\/portalweb\/wp-json\/wp\/v2\/types\/post"}],"author":[{"embeddable":true,"href":"https:\/\/notidiario24.com.ar\/portalweb\/wp-json\/wp\/v2\/users\/1"}],"replies":[{"embeddable":true,"href":"https:\/\/notidiario24.com.ar\/portalweb\/wp-json\/wp\/v2\/comments?post=1582"}],"version-history":[{"count":1,"href":"https:\/\/notidiario24.com.ar\/portalweb\/wp-json\/wp\/v2\/posts\/1582\/revisions"}],"predecessor-version":[{"id":1585,"href":"https:\/\/notidiario24.com.ar\/portalweb\/wp-json\/wp\/v2\/posts\/1582\/revisions\/1585"}],"wp:featuredmedia":[{"embeddable":true,"href":"https:\/\/notidiario24.com.ar\/portalweb\/wp-json\/wp\/v2\/media\/1583"}],"wp:attachment":[{"href":"https:\/\/notidiario24.com.ar\/portalweb\/wp-json\/wp\/v2\/media?parent=1582"}],"wp:term":[{"taxonomy":"category","embeddable":true,"href":"https:\/\/notidiario24.com.ar\/portalweb\/wp-json\/wp\/v2\/categories?post=1582"},{"taxonomy":"post_tag","embeddable":true,"href":"https:\/\/notidiario24.com.ar\/portalweb\/wp-json\/wp\/v2\/tags?post=1582"}],"curies":[{"name":"wp","href":"https:\/\/api.w.org\/{rel}","templated":true}]}}