{"id":1441,"date":"2024-03-29T17:56:12","date_gmt":"2024-03-29T17:56:12","guid":{"rendered":"https:\/\/notidiario24.com.ar\/portalweb\/?p=1441"},"modified":"2024-03-29T17:56:13","modified_gmt":"2024-03-29T17:56:13","slug":"finalidad-social-el-gobierno-entrego-merluza-de-manera-gratuita-a-vecinos-de-todas-las-localidades-de-santa-cruz","status":"publish","type":"post","link":"https:\/\/notidiario24.com.ar\/portalweb\/2024\/03\/29\/finalidad-social-el-gobierno-entrego-merluza-de-manera-gratuita-a-vecinos-de-todas-las-localidades-de-santa-cruz\/","title":{"rendered":"Finalidad Social: El Gobierno entreg\u00f3 merluza de manera gratuita a vecinos de todas las localidades de Santa Cruz"},"content":{"rendered":"\n<p>Con un importante despliegue log\u00edstico, el Gobierno Provincial con empresas pesqueras de Caleta Olivia y Puerto Deseado, realizaron la entrega de merluza congelada en las distintas localidades de la provincia. Esta acci\u00f3n forma parte de un convenio que se firm\u00f3 el pasado mes de marzo y que permitir\u00e1 garantizar la llegada del producto a la mesa de los vecinos no solo en Semana Santa sino tambi\u00e9n en el transcurso del a\u00f1o.<\/p>\n\n\n\n<!--more-->\n\n\n\n<p>En ese marco, hoy se llev\u00f3 adelante en toda la provincia la entrega de dicho producto en todas las localidades de Santa Cruz. Al respecto, el subsecretario de Pesca y Acuicultura, Harold Bark destac\u00f3 \u201cestamos muy contentos por el trabajo que se llev\u00f3 adelante desde los Ministerio de Gobierno; Desarrollo Social, Igualdad e Integraci\u00f3n; y de la Producci\u00f3n, Comercio e Industria\u201d.<\/p>\n\n\n\n<p>\u201cEs una labor en conjunto la que se hizo y que permite que en esta jornada y en estos d\u00edas tan especiales, la gente pueda acceder este producto\u201d, remarc\u00f3. Asimismo se\u00f1al\u00f3 que esta iniciativa se concret\u00f3 gracias a un convenio que se firm\u00f3 con empresas pesqueras hace m\u00e1s de un mes. \u201cEl gobernador Claudio Vidal nos pidi\u00f3 que esta iniciativa no quede solamente en los d\u00edas de Semana Santa sino a lo largo del a\u00f1o. Con la colaboraci\u00f3n constante de las empresas se puede llegar a lograr que el pescado sea parte de nuestra dieta, y sobre todo hoy con las necesidades y la situaci\u00f3n particular que est\u00e1n viviendo muchas familias en nuestra localidad\u201d, consider\u00f3.<\/p>\n\n\n\n<p>Acci\u00f3n con finalidad social<\/p>\n\n\n\n<p>\u201cLa entrega de merluza no solo se est\u00e1 haciendo en R\u00edo Gallegos sino que desde el Ministerio de Gobierno se impuls\u00f3 para que esta iniciativa se replique en todos los municipios de la provincia. Es as\u00ed que el organismo reparti\u00f3 en todos los municipios, el mismo producto que se consumir\u00e1 en R\u00edo Gallegos. Creo que este trabajo es muy especial y en particular, es una gran ayuda para todos los ciudadanos de la provincia de Santa Cruz\u201d, ampli\u00f3.<\/p>\n\n\n\n<p>Al ser consultado acerca de las empresas que se sumaron a la propuesta del Gobierno Provincial, Bark resalt\u00f3 que se trata de firmas que desarrollan la actividad pesquera en Caleta Olivia y Puerto Deseado. \u201cLas mismas no solo pescan sino que tambi\u00e9n procesan y elaboran el pescado. Todo se hace en nuestra provincia. Lo que se est\u00e1 entregando hoy es producto de exportaci\u00f3n. Hoy la merluza se est\u00e1 consumiendo y exportando en Brasil y Estados Unidos\u201d, agreg\u00f3.<\/p>\n\n\n\n<p>\u201cEl convenio que se firm\u00f3 no es solamente para Semana Santa sino que tendr\u00e1 continuidad a lo largo del a\u00f1o y tendr\u00e1 una finalidad m\u00e1s social que se concretar\u00e1 a trav\u00e9s de la Cartera Social de la provincia y que permitir\u00e1 la llegada a los comedores\u201d, asegur\u00f3.<\/p>\n\n\n\n<p>Por otra parte, el subsecretario de Pesca y Acuicultura, Harold Bark coment\u00f3 que tambi\u00e9n se estuvo trabajando con el Ministerio de Seguridad para que el producto sea entregado en las penitenciarias. \u201cA las mismas ya se les hizo la entrega pertinente para el consumo del mes. As\u00ed lo vamos a ir replicando a lo largo del a\u00f1o, en las acciones de los ministerios que lo requieran y necesiten\u201d, asegur\u00f3.<\/p>\n\n\n\n<p>Antes de concluir, sostuvo: \u201cAc\u00e1 no hay que mirar si la Provincia est\u00e1 compitiendo con alguien sino que el aporte es para los m\u00e1s necesitados y esa es la premisa que nos dio el Gobernador para que nos ocupemos y preocupemos\u201d.<\/p>\n\n\n\n<p>Es importante recalcar que la entrega de pescado es totalmente gratuita. \u201cEl Gobierno no tuvo ning\u00fan gasto para el traslado de la merluza a R\u00edo Gallegos y a las otras localidades de Santa Cruz. Todo corri\u00f3 por cuenta de las empresas y hoy la distribuci\u00f3n se llev\u00f3 adelante en Casa de Gobierno y en todos los Centros Integradores Comunitarios de R\u00edo Gallegos. Las dem\u00e1s localidades organizaron su propia log\u00edstica. El ministro de Gobierno, Pedro Luxen se ocup\u00f3 personalmente de que el producto llegue a todas las localidades\u201d, finaliz\u00f3.<\/p>\n\n\n\n<p>Puntos de distribuci\u00f3n: Log\u00edstica<\/p>\n\n\n\n<p>Adem\u00e1s de concretarse la entrega de merluza en Casa de Gobierno, se realiz\u00f3 en los Centros Integradores Comunitarios y el Centro Administrativo San Benito de R\u00edo Gallegos. Esta labor implic\u00f3 un importante despliegue log\u00edstico.<\/p>\n\n\n\n<p>En el CIC F\u00e1tima, la subsecretaria de Protecci\u00f3n Civil del Ministerio de Seguridad, Sandra Gordillo comento que desde el \u00e1rea a su cargo realizaron el acompa\u00f1amiento de esta actividad de Gobierno. \u201cNos sumamos a la log\u00edstica acompa\u00f1ando los m\u00f3viles a todos los Centros Integradores Comunitarios (CICs) de la provincia. Tambi\u00e9n el personal ayudo a embolsar el producto para que llegue a los vecinos\u201d, expres\u00f3.<\/p>\n\n\n\n<p>\u201cFue una tarea muy agradable porque pudimos ayudar a llevar al vecino que se acerc\u00f3 al CIC y que pueda de este modo, compartir con su familia. Los vecinos se mostraron muy agradecidos\u201d, dijo.<\/p>\n\n\n\n<p>Los vecinos que se acercaron a cada uno de los puntos de distribuci\u00f3n valoraron la propuesta, y resaltaron que la misma llega en un momento muy complicado en lo econ\u00f3mico. \u201cEsto ayuda a pasar la Semana Santa de una manera distinta\u201d, concluyeron.<\/p>\n\n\n\n<p>Vale la pena remarcar que esta acci\u00f3n se replic\u00f3 en todas las localidades de Santa Cruz.<\/p>\n","protected":false},"excerpt":{"rendered":"<p>Con un importante despliegue log\u00edstico, el Gobierno Provincial con empresas pesqueras de Caleta Olivia y Puerto Deseado, realizaron<\/p>\n","protected":false},"author":1,"featured_media":1443,"comment_status":"closed","ping_status":"closed","sticky":false,"template":"","format":"standard","meta":{"footnotes":""},"categories":[4],"tags":[],"class_list":["post-1441","post","type-post","status-publish","format-standard","has-post-thumbnail","hentry","category-politica"],"_links":{"self":[{"href":"https:\/\/notidiario24.com.ar\/portalweb\/wp-json\/wp\/v2\/posts\/1441","targetHints":{"allow":["GET"]}}],"collection":[{"href":"https:\/\/notidiario24.com.ar\/portalweb\/wp-json\/wp\/v2\/posts"}],"about":[{"href":"https:\/\/notidiario24.com.ar\/portalweb\/wp-json\/wp\/v2\/types\/post"}],"author":[{"embeddable":true,"href":"https:\/\/notidiario24.com.ar\/portalweb\/wp-json\/wp\/v2\/users\/1"}],"replies":[{"embeddable":true,"href":"https:\/\/notidiario24.com.ar\/portalweb\/wp-json\/wp\/v2\/comments?post=1441"}],"version-history":[{"count":1,"href":"https:\/\/notidiario24.com.ar\/portalweb\/wp-json\/wp\/v2\/posts\/1441\/revisions"}],"predecessor-version":[{"id":1444,"href":"https:\/\/notidiario24.com.ar\/portalweb\/wp-json\/wp\/v2\/posts\/1441\/revisions\/1444"}],"wp:featuredmedia":[{"embeddable":true,"href":"https:\/\/notidiario24.com.ar\/portalweb\/wp-json\/wp\/v2\/media\/1443"}],"wp:attachment":[{"href":"https:\/\/notidiario24.com.ar\/portalweb\/wp-json\/wp\/v2\/media?parent=1441"}],"wp:term":[{"taxonomy":"category","embeddable":true,"href":"https:\/\/notidiario24.com.ar\/portalweb\/wp-json\/wp\/v2\/categories?post=1441"},{"taxonomy":"post_tag","embeddable":true,"href":"https:\/\/notidiario24.com.ar\/portalweb\/wp-json\/wp\/v2\/tags?post=1441"}],"curies":[{"name":"wp","href":"https:\/\/api.w.org\/{rel}","templated":true}]}}