{"id":1419,"date":"2024-03-29T17:28:36","date_gmt":"2024-03-29T17:28:36","guid":{"rendered":"https:\/\/notidiario24.com.ar\/portalweb\/?p=1419"},"modified":"2024-03-29T17:28:37","modified_gmt":"2024-03-29T17:28:37","slug":"comision-de-transportes-ediles-analizaron-diferentes-modificaciones-a-la-ordenanza-que-regula-taxis","status":"publish","type":"post","link":"https:\/\/notidiario24.com.ar\/portalweb\/2024\/03\/29\/comision-de-transportes-ediles-analizaron-diferentes-modificaciones-a-la-ordenanza-que-regula-taxis\/","title":{"rendered":"Comisi\u00f3n de Transportes: Ediles analizaron diferentes modificaciones a la ordenanza que regula taxis"},"content":{"rendered":"\n<p>Los concejales del Honorable Concejo Deliberante de R\u00edo Gallegos Victoria Ojeda, Julio Arabena y Daniela D\u2019Amico, concretaron una nueva reuni\u00f3n de la Comisi\u00f3n de Transporte, Industria, Comercio y Asuntos T\u00e9cnicos.<\/p>\n\n\n\n<!--more-->\n\n\n\n<p>La Comisi\u00f3n, en primer lugar, despach\u00f3 de forma favorable la petici\u00f3n de los Choferes de Taxi Autoconvocados que pretende que se eleven de 280 a 305 las licencias autorizadas de veh\u00edculos afectados al servicio de taxi en R\u00edo Gallegos.<br>A su vez, los concejales resolvieron pedir opini\u00f3n a la Secretar\u00eda de Construcci\u00f3n y Ordenamiento Territorial para avanzar en el dictamen del proyecto de ordenanza de la concejal Victoria Ojeda que propone la creaci\u00f3n del programa \u201cR\u00edo Gallegos Composta\u201d. Esta<br>iniciativa, que busca contribuir a la sostenibilidad ambiental, fortalecer lazos comunitarios y fomentar la conciencia ambiental, prev\u00e9 las siguientes acciones: la implementaci\u00f3n de campa\u00f1as de difusi\u00f3n, concientizaci\u00f3n y sensibilizaci\u00f3n; el desarrollo de capacitaciones y<br>herramientas para promover la implementaci\u00f3n de esta pr\u00e1ctica en el seno de las familias, entidades intermedias, escuelas y grupos de vecinos; y el acompa\u00f1amiento a las familias en el proceso de compostaje.<br>Por otros dos proyectos del concejal Ayrton Ruay, que proponen modificaciones a la ordenanza N\u00b0 9155 \u2013 R\u00e9gimen Funcionamiento y Control del Servicio P\u00fablico de Autom\u00f3viles de Alquiler con tax\u00edmetro\u201d, se pedir\u00e1 opini\u00f3n a la Direcci\u00f3n de Tr\u00e1nsito Municipal. Uno de<br>ellos, busca establecer en el art\u00edculo 34\u00b0 que la autoridad de aplicaci\u00f3n no podr\u00e1 retener ni paralizar el servicio de la unidad en el caso de que durante las inspecciones t\u00e9cnicas aleatorias surgiera alg\u00fan desperfecto est\u00e9tico propio del uso que no sea un potencial riesgo para<br>terceros. Adem\u00e1s se establece una pr\u00f3rroga de 30 d\u00edas para que el titular pueda arreglar los desperfectos, y que el inspector deber\u00e1 notificar a la agencia encargada y al titular.<br>El segundo proyecto propone que se modifiquen los art\u00edculos 14\u00b0 y 15\u00b0 de la ordenanza antes mencionada. En el art\u00edculo 14\u00b0 \u201cDe los colores del veh\u00edculo taxi\u201d se busca disponer lo siguiente:<br>si posterior a la aprobaci\u00f3n de las inspecciones, los colores distintivos de la unidad sufrieran alg\u00fan tipo de cambio propio del uso, la autoridad de aplicaci\u00f3n otorgar\u00e1 una pr\u00f3rroga de 30 d\u00edas para que el titular subsane dicho desperfecto. Adem\u00e1s, se deber\u00e1 notificar a la agencia encargada y al titular de la unidad. En tanto, en el art\u00edculo 15\u00b0 \u201cDe los letreros identificatorios\u201d<br>se busca establecer que si la unidad no posee letrero identificatorio sobre el techo del veh\u00edculo o este se encontrara en mal estado, la autoridad de aplicaci\u00f3n extender\u00e1 una pr\u00f3rroga de 30 d\u00edas para su correcta colocaci\u00f3n. En cuanto a esta iniciativa, se pedir\u00e1, adem\u00e1s, opini\u00f3n a la Direcci\u00f3n de Transporte P\u00fablico del Municipio.<\/p>\n","protected":false},"excerpt":{"rendered":"<p>Los concejales del Honorable Concejo Deliberante de R\u00edo Gallegos Victoria Ojeda, Julio Arabena y Daniela D\u2019Amico, concretaron una<\/p>\n","protected":false},"author":1,"featured_media":1420,"comment_status":"closed","ping_status":"closed","sticky":false,"template":"","format":"standard","meta":{"footnotes":""},"categories":[3,4],"tags":[],"class_list":["post-1419","post","type-post","status-publish","format-standard","has-post-thumbnail","hentry","category-generales","category-politica"],"_links":{"self":[{"href":"https:\/\/notidiario24.com.ar\/portalweb\/wp-json\/wp\/v2\/posts\/1419","targetHints":{"allow":["GET"]}}],"collection":[{"href":"https:\/\/notidiario24.com.ar\/portalweb\/wp-json\/wp\/v2\/posts"}],"about":[{"href":"https:\/\/notidiario24.com.ar\/portalweb\/wp-json\/wp\/v2\/types\/post"}],"author":[{"embeddable":true,"href":"https:\/\/notidiario24.com.ar\/portalweb\/wp-json\/wp\/v2\/users\/1"}],"replies":[{"embeddable":true,"href":"https:\/\/notidiario24.com.ar\/portalweb\/wp-json\/wp\/v2\/comments?post=1419"}],"version-history":[{"count":1,"href":"https:\/\/notidiario24.com.ar\/portalweb\/wp-json\/wp\/v2\/posts\/1419\/revisions"}],"predecessor-version":[{"id":1421,"href":"https:\/\/notidiario24.com.ar\/portalweb\/wp-json\/wp\/v2\/posts\/1419\/revisions\/1421"}],"wp:featuredmedia":[{"embeddable":true,"href":"https:\/\/notidiario24.com.ar\/portalweb\/wp-json\/wp\/v2\/media\/1420"}],"wp:attachment":[{"href":"https:\/\/notidiario24.com.ar\/portalweb\/wp-json\/wp\/v2\/media?parent=1419"}],"wp:term":[{"taxonomy":"category","embeddable":true,"href":"https:\/\/notidiario24.com.ar\/portalweb\/wp-json\/wp\/v2\/categories?post=1419"},{"taxonomy":"post_tag","embeddable":true,"href":"https:\/\/notidiario24.com.ar\/portalweb\/wp-json\/wp\/v2\/tags?post=1419"}],"curies":[{"name":"wp","href":"https:\/\/api.w.org\/{rel}","templated":true}]}}