{"id":1406,"date":"2024-03-22T22:21:55","date_gmt":"2024-03-22T22:21:55","guid":{"rendered":"https:\/\/notidiario24.com.ar\/portalweb\/?p=1406"},"modified":"2024-03-22T22:21:56","modified_gmt":"2024-03-22T22:21:56","slug":"el-consejo-directivo-nacional-de-ate-presente-en-la-medida-de-fuerza-de-lxs-companerxs-de-parques-nacionales","status":"publish","type":"post","link":"https:\/\/notidiario24.com.ar\/portalweb\/2024\/03\/22\/el-consejo-directivo-nacional-de-ate-presente-en-la-medida-de-fuerza-de-lxs-companerxs-de-parques-nacionales\/","title":{"rendered":"El Consejo Directivo Nacional de ATE presente en la medida de fuerza de lxs compa\u00f1erxs de Parques Nacionales"},"content":{"rendered":"\n<p>En el marco del Paro Nacional de lxs trabajadorxs de la Administraci\u00f3n de Parques Nacionales, el dirigente Alejandro Garz\u00f3n acompa\u00f1\u00f3 el reclamo en la ciudad de El Calafate.<\/p>\n\n\n\n<!--more-->\n\n\n\n<p>El Vocal del Consejo Directivo Nacional de ATE, Alejandro Garz\u00f3n, estuvo hoy en la ciudad de El Calafate, m\u00e1s precisamente en la Intendencia de Parques Nacionales, durante el Paro Nacional organizado por los compa\u00f1eros y las compa\u00f1eras del sector para reclamar por la estabilidad laboral de la mitad del personal del sector.<\/p>\n\n\n\n<p>Tras la actividad, Garz\u00f3n expres\u00f3: \u201cLa de hoy fue una jornada m\u00e1s que importante en la que los trabajadores y las trabajadoras marcharon al Concejo Deliberante para entregar un petitorio sobre la situaci\u00f3n del organismo y la de sus trabajadores y trabajadoras. A su vez, hicieron visible el reclamo en la Intendencia de Parque Los Glaciares, en pleno centro de la ciudad\u201d.<\/p>\n\n\n\n<p>\u201cEn Santa Cruz hay m\u00e1s de 70 compa\u00f1eros y compa\u00f1eras que est\u00e1n hace a\u00f1os en situaci\u00f3n de precariedad laboral y que no pudieron pasar a Planta Permanente. Si no hay alguna soluci\u00f3n urgente, est\u00e1n a punto de perder sus trabajos a fin de mes. Es necesario, desde nuestro punto de vista, seguir con las asambleas y con toda actividad sindical que haga presi\u00f3n sobre el Gobierno Nacional para poder revertir la situaci\u00f3n que hoy estamos viviendo la mayor\u00eda de las y los trabajadores del Estado Nacional\u201d, agreg\u00f3 el dirigente.<\/p>\n\n\n\n<figure class=\"wp-block-gallery has-nested-images columns-default is-cropped wp-block-gallery-1 is-layout-flex wp-block-gallery-is-layout-flex\">\n<figure class=\"wp-block-image size-large\"><img loading=\"lazy\" decoding=\"async\" width=\"1024\" height=\"683\" data-id=\"1411\" src=\"https:\/\/notidiario24.com.ar\/portalweb\/wp-content\/uploads\/2024\/03\/portada-20-1024x683.webp\" alt=\"\" class=\"wp-image-1411\" srcset=\"https:\/\/notidiario24.com.ar\/portalweb\/wp-content\/uploads\/2024\/03\/portada-20-1024x683.webp 1024w, https:\/\/notidiario24.com.ar\/portalweb\/wp-content\/uploads\/2024\/03\/portada-20-300x200.webp 300w, https:\/\/notidiario24.com.ar\/portalweb\/wp-content\/uploads\/2024\/03\/portada-20-768x512.webp 768w, https:\/\/notidiario24.com.ar\/portalweb\/wp-content\/uploads\/2024\/03\/portada-20-1536x1024.webp 1536w, https:\/\/notidiario24.com.ar\/portalweb\/wp-content\/uploads\/2024\/03\/portada-20.webp 1600w\" sizes=\"auto, (max-width: 1024px) 100vw, 1024px\" \/><\/figure>\n\n\n\n<figure class=\"wp-block-image size-large\"><img loading=\"lazy\" decoding=\"async\" width=\"1024\" height=\"461\" data-id=\"1410\" src=\"https:\/\/notidiario24.com.ar\/portalweb\/wp-content\/uploads\/2024\/03\/432763261_122115799826236569_6539094169697318791_n-1024x461.jpg\" alt=\"\" class=\"wp-image-1410\" srcset=\"https:\/\/notidiario24.com.ar\/portalweb\/wp-content\/uploads\/2024\/03\/432763261_122115799826236569_6539094169697318791_n-1024x461.jpg 1024w, https:\/\/notidiario24.com.ar\/portalweb\/wp-content\/uploads\/2024\/03\/432763261_122115799826236569_6539094169697318791_n-300x135.jpg 300w, https:\/\/notidiario24.com.ar\/portalweb\/wp-content\/uploads\/2024\/03\/432763261_122115799826236569_6539094169697318791_n-768x346.jpg 768w, https:\/\/notidiario24.com.ar\/portalweb\/wp-content\/uploads\/2024\/03\/432763261_122115799826236569_6539094169697318791_n.jpg 1280w\" sizes=\"auto, (max-width: 1024px) 100vw, 1024px\" \/><\/figure>\n\n\n\n<figure class=\"wp-block-image size-large\"><img loading=\"lazy\" decoding=\"async\" width=\"768\" height=\"512\" data-id=\"1409\" src=\"https:\/\/notidiario24.com.ar\/portalweb\/wp-content\/uploads\/2024\/03\/004-8.webp\" alt=\"\" class=\"wp-image-1409\" srcset=\"https:\/\/notidiario24.com.ar\/portalweb\/wp-content\/uploads\/2024\/03\/004-8.webp 768w, https:\/\/notidiario24.com.ar\/portalweb\/wp-content\/uploads\/2024\/03\/004-8-300x200.webp 300w\" sizes=\"auto, (max-width: 768px) 100vw, 768px\" \/><\/figure>\n\n\n\n<figure class=\"wp-block-image size-large\"><img loading=\"lazy\" decoding=\"async\" width=\"768\" height=\"512\" data-id=\"1408\" src=\"https:\/\/notidiario24.com.ar\/portalweb\/wp-content\/uploads\/2024\/03\/003-12.webp\" alt=\"\" class=\"wp-image-1408\" srcset=\"https:\/\/notidiario24.com.ar\/portalweb\/wp-content\/uploads\/2024\/03\/003-12.webp 768w, https:\/\/notidiario24.com.ar\/portalweb\/wp-content\/uploads\/2024\/03\/003-12-300x200.webp 300w\" sizes=\"auto, (max-width: 768px) 100vw, 768px\" \/><\/figure>\n\n\n\n<figure class=\"wp-block-image size-large\"><img loading=\"lazy\" decoding=\"async\" width=\"768\" height=\"512\" data-id=\"1407\" src=\"https:\/\/notidiario24.com.ar\/portalweb\/wp-content\/uploads\/2024\/03\/002-14.webp\" alt=\"\" class=\"wp-image-1407\" srcset=\"https:\/\/notidiario24.com.ar\/portalweb\/wp-content\/uploads\/2024\/03\/002-14.webp 768w, https:\/\/notidiario24.com.ar\/portalweb\/wp-content\/uploads\/2024\/03\/002-14-300x200.webp 300w\" sizes=\"auto, (max-width: 768px) 100vw, 768px\" \/><\/figure>\n<\/figure>\n","protected":false},"excerpt":{"rendered":"<p>En el marco del Paro Nacional de lxs trabajadorxs de la Administraci\u00f3n de Parques Nacionales, el dirigente Alejandro<\/p>\n","protected":false},"author":1,"featured_media":1410,"comment_status":"closed","ping_status":"closed","sticky":false,"template":"","format":"standard","meta":{"footnotes":""},"categories":[1],"tags":[],"class_list":["post-1406","post","type-post","status-publish","format-standard","has-post-thumbnail","hentry","category-gremiales"],"_links":{"self":[{"href":"https:\/\/notidiario24.com.ar\/portalweb\/wp-json\/wp\/v2\/posts\/1406","targetHints":{"allow":["GET"]}}],"collection":[{"href":"https:\/\/notidiario24.com.ar\/portalweb\/wp-json\/wp\/v2\/posts"}],"about":[{"href":"https:\/\/notidiario24.com.ar\/portalweb\/wp-json\/wp\/v2\/types\/post"}],"author":[{"embeddable":true,"href":"https:\/\/notidiario24.com.ar\/portalweb\/wp-json\/wp\/v2\/users\/1"}],"replies":[{"embeddable":true,"href":"https:\/\/notidiario24.com.ar\/portalweb\/wp-json\/wp\/v2\/comments?post=1406"}],"version-history":[{"count":1,"href":"https:\/\/notidiario24.com.ar\/portalweb\/wp-json\/wp\/v2\/posts\/1406\/revisions"}],"predecessor-version":[{"id":1412,"href":"https:\/\/notidiario24.com.ar\/portalweb\/wp-json\/wp\/v2\/posts\/1406\/revisions\/1412"}],"wp:featuredmedia":[{"embeddable":true,"href":"https:\/\/notidiario24.com.ar\/portalweb\/wp-json\/wp\/v2\/media\/1410"}],"wp:attachment":[{"href":"https:\/\/notidiario24.com.ar\/portalweb\/wp-json\/wp\/v2\/media?parent=1406"}],"wp:term":[{"taxonomy":"category","embeddable":true,"href":"https:\/\/notidiario24.com.ar\/portalweb\/wp-json\/wp\/v2\/categories?post=1406"},{"taxonomy":"post_tag","embeddable":true,"href":"https:\/\/notidiario24.com.ar\/portalweb\/wp-json\/wp\/v2\/tags?post=1406"}],"curies":[{"name":"wp","href":"https:\/\/api.w.org\/{rel}","templated":true}]}}