{"id":1258,"date":"2024-02-29T10:35:39","date_gmt":"2024-02-29T10:35:39","guid":{"rendered":"https:\/\/notidiario24.com.ar\/portalweb\/?p=1258"},"modified":"2024-02-29T10:35:41","modified_gmt":"2024-02-29T10:35:41","slug":"el-gobierno-y-la-camara-inmobiliaria-avanzan-en-la-creacion-del-colegio-de-corredores-inmobiliarios-en-santa-cruz","status":"publish","type":"post","link":"https:\/\/notidiario24.com.ar\/portalweb\/2024\/02\/29\/el-gobierno-y-la-camara-inmobiliaria-avanzan-en-la-creacion-del-colegio-de-corredores-inmobiliarios-en-santa-cruz\/","title":{"rendered":"El Gobierno y la C\u00e1mara Inmobiliaria avanzan en la creaci\u00f3n del Colegio de Corredores Inmobiliarios en Santa Cruz"},"content":{"rendered":"\n<p>El jefe de Gabinete, Daniel \u00c1lvarez, se reuni\u00f3 hoy con la C\u00e1mara Inmobiliaria de Santa Cruz para discutir asuntos cruciales relacionados con el sector inmobiliario en nuestra provincia. Durante la reuni\u00f3n, se abordaron temas de gran relevancia para la comunidad y se present\u00f3 un proyecto fundamental.<\/p>\n\n\n\n<!--more-->\n\n\n\n<p>La C\u00e1mara Inmobiliaria de Santa Cruz est\u00e1 compuesta por destacados profesionales del rubro, con Pedro Uribe como presidente, Yanina Ram\u00edrez Vieytez como vicepresidenta y Graciela Mart\u00ednez en la tesorer\u00eda. Esta entidad representa a diversas inmobiliarias tanto de la capital como del interior de la provincia.<\/p>\n\n\n\n<p>\u201cEl objetivo central de este trabajo conjunto es establecer una representaci\u00f3n legal para todas las c\u00e1maras inmobiliarias a trav\u00e9s de la creaci\u00f3n de un Colegio Provincial de Corredores y Corredoras Inmobiliarios. El proyecto de ley correspondiente ya ha sido presentado en el \u00e1mbito legislativo y cuenta con m\u00faltiples respaldos\u201d, precis\u00f3 el Jefe de Gabinete.<\/p>\n\n\n\n<p>Y a\u00f1adi\u00f3 que \u201cen esta nueva etapa, con el cambio de poder ejecutivo y la incorporaci\u00f3n de nuevos actores en la C\u00e1mara del Pueblo, se busca interiorizar a los diferentes presidentes de bloque sobre los objetivos de este proyecto. La meta es que, a la brevedad, se trate en el recinto legislativo para que la Provincia de Santa Cruz cuente con un colegio que represente y profesionalice el sector inmobiliario\u201d.<\/p>\n\n\n\n<p>\u201cEs fundamental evitar situaciones como la ocurrida recientemente en el Congreso Nacional, cuando se debati\u00f3 la modificaci\u00f3n a la Ley de Alquileres y no tuvimos la representaci\u00f3n de un Colegio de Corredores Inmobiliarios. Por eso, respaldamos este proyecto y trabajamos incansablemente para lograr un ordenamiento institucional que beneficie a todos los ciudadanos\u201d, remarc\u00f3.<\/p>\n\n\n\n<p>Y concluy\u00f3 destacando que \u201cla creaci\u00f3n del Colegio de Corredores y Corredoras Inmobiliarios no solo fortalecer\u00e1 al sector, sino que tambi\u00e9n garantizar\u00e1 una representaci\u00f3n legal s\u00f3lida y profesional. A medida que avancemos, Santa Cruz se ver\u00e1 beneficiada por esta entidad a nivel provincial\u201d.<\/p>\n\n\n\n<p>Acerca del proyecto<\/p>\n\n\n\n<p>Por su parte, Pedro Uribe, presidente de la C\u00e1mara Inmobiliaria de Santa Cruz, comparti\u00f3 detalles sobre el proyecto que lleva a\u00f1os gest\u00e1ndose en la provincia.<\/p>\n\n\n\n<p>\u00abHace aproximadamente treinta y cinco a\u00f1os que venimos trabajando en la creaci\u00f3n de un colegio de corredores de martilleros e inmobiliarios. Inicialmente, el enfoque era en los martilleros, pero ahora nos centramos en los corredores. A lo largo de este tiempo, hemos presentado el proyecto en seis o siete ocasiones, pero lamentablemente a\u00fan no ha sido aprobado\u00bb, asegur\u00f3.<\/p>\n\n\n\n<p>Y record\u00f3 que \u00abel a\u00f1o pasado, logramos un importante avance. Durante la pandemia, armamos la C\u00e1mara Inmobiliaria de Santa Cruz y obtuvimos el consenso de la mayor\u00eda de los bloques parlamentarios. El proyecto fue tratado en distintas comisiones y estaba listo para ser debatido en sesi\u00f3n ordinaria. Sin embargo, las \u00faltimas sesiones fueron suspendidas y no se pudo concretar la aprobaci\u00f3n\u00bb.<\/p>\n\n\n\n<p>En este sentido, Yanina Ram\u00edrez Vieytez, vicepresidenta de dicha entidad, se\u00f1al\u00f3 que \u00abpor eso, seguimos trabajando incansablemente. En esta reuni\u00f3n con el Jefe de Gabinete, Daniel \u00c1lvarez, compartimos nuestras perspectivas. \u00c9l ya estaba familiarizado con el proyecto desde su etapa como candidato a intendente. Siempre es un placer dialogar con \u00e9l, y su inter\u00e9s en profesionalizar el sector inmobiliario es evidente\u00bb, expres\u00f3.<\/p>\n\n\n\n<p>\u00abEl objetivo es claro: establecer un Colegio de Corredores Inmobiliarios en Santa Cruz. Queremos evitar situaciones como la que vivimos recientemente en el Congreso Nacional, donde no tuvimos representaci\u00f3n en la modificaci\u00f3n a la Ley de Alquileres. Este colegio nos dar\u00e1 entidad legal y nos permitir\u00e1 trabajar de manera m\u00e1s institucional\u00bb.<\/p>\n\n\n\n<p>Finalmente, la tesorera de la C\u00e1mara Inmobiliaria, Graciela Mart\u00ednez, cerr\u00f3 diciendo que \u201ccon el apoyo de todos los actores involucrados, este a\u00f1o lograremos finalmente la aprobaci\u00f3n y Santa Cruz contar\u00e1 con un colegio que nos represente y beneficie a todos los ciudadanos\u00bb.<\/p>\n","protected":false},"excerpt":{"rendered":"<p>El jefe de Gabinete, Daniel \u00c1lvarez, se reuni\u00f3 hoy con la C\u00e1mara Inmobiliaria de Santa Cruz para discutir<\/p>\n","protected":false},"author":1,"featured_media":1259,"comment_status":"closed","ping_status":"closed","sticky":false,"template":"","format":"standard","meta":{"footnotes":""},"categories":[3],"tags":[],"class_list":["post-1258","post","type-post","status-publish","format-standard","has-post-thumbnail","hentry","category-generales"],"_links":{"self":[{"href":"https:\/\/notidiario24.com.ar\/portalweb\/wp-json\/wp\/v2\/posts\/1258","targetHints":{"allow":["GET"]}}],"collection":[{"href":"https:\/\/notidiario24.com.ar\/portalweb\/wp-json\/wp\/v2\/posts"}],"about":[{"href":"https:\/\/notidiario24.com.ar\/portalweb\/wp-json\/wp\/v2\/types\/post"}],"author":[{"embeddable":true,"href":"https:\/\/notidiario24.com.ar\/portalweb\/wp-json\/wp\/v2\/users\/1"}],"replies":[{"embeddable":true,"href":"https:\/\/notidiario24.com.ar\/portalweb\/wp-json\/wp\/v2\/comments?post=1258"}],"version-history":[{"count":1,"href":"https:\/\/notidiario24.com.ar\/portalweb\/wp-json\/wp\/v2\/posts\/1258\/revisions"}],"predecessor-version":[{"id":1260,"href":"https:\/\/notidiario24.com.ar\/portalweb\/wp-json\/wp\/v2\/posts\/1258\/revisions\/1260"}],"wp:featuredmedia":[{"embeddable":true,"href":"https:\/\/notidiario24.com.ar\/portalweb\/wp-json\/wp\/v2\/media\/1259"}],"wp:attachment":[{"href":"https:\/\/notidiario24.com.ar\/portalweb\/wp-json\/wp\/v2\/media?parent=1258"}],"wp:term":[{"taxonomy":"category","embeddable":true,"href":"https:\/\/notidiario24.com.ar\/portalweb\/wp-json\/wp\/v2\/categories?post=1258"},{"taxonomy":"post_tag","embeddable":true,"href":"https:\/\/notidiario24.com.ar\/portalweb\/wp-json\/wp\/v2\/tags?post=1258"}],"curies":[{"name":"wp","href":"https:\/\/api.w.org\/{rel}","templated":true}]}}