{"id":1249,"date":"2024-02-29T10:29:58","date_gmt":"2024-02-29T10:29:58","guid":{"rendered":"https:\/\/notidiario24.com.ar\/portalweb\/?p=1249"},"modified":"2024-02-29T10:29:59","modified_gmt":"2024-02-29T10:29:59","slug":"rio-gallegos-sumara-dos-camiones-recolectores-0km","status":"publish","type":"post","link":"https:\/\/notidiario24.com.ar\/portalweb\/2024\/02\/29\/rio-gallegos-sumara-dos-camiones-recolectores-0km\/","title":{"rendered":"R\u00edo Gallegos sumar\u00e1 dos camiones recolectores 0km"},"content":{"rendered":"\n<p>El intendente de R\u00edo Gallegos, Pablo Grasso, encabez\u00f3 el acto oficial de apertura de sobres de licitaci\u00f3n p\u00fablica para la adquisici\u00f3n de dos nuevos camiones recolectores destinados a la Direcci\u00f3n de Saneamiento Ambiental del Municipio de la ciudad capital.<\/p>\n\n\n\n<!--more-->\n\n\n\n<p>En una ceremonia, realizada en la Secretar\u00eda de Construcci\u00f3n y Ordenamiento Territorial, Grasso se\u00f1al\u00f3 que \u201chace tres a\u00f1os y medio compramos tres camiones, dos camiones grandes y uno chico que es el de limpieza urbana, e invertimos casi diez millones ochocientos mil pesos en esos camiones. Pasando cuatro a\u00f1os, estamos pagando casi cuatrocientos millones de pesos por dos camiones de las mismas caracter\u00edsticas que los anteriores. Esto marca, primero, la gran inflaci\u00f3n que hubo en todo este tiempo, la gran escalada de precios y tambi\u00e9n en comparativa, que la gente hoy no est\u00e1 llegando, a cubrir sus necesidades b\u00e1sicas\u201d.<br>Adem\u00e1s Grasso indic\u00f3 que \u201cno tenemos apoyatura del gobierno nacional con recursos extraordinarios, no tenemos ayudas ordinarias o voluntad pol\u00edtica de poder ayudarnos del gobierno de la provincia, y sin embargo nosotros, con nuestra pol\u00edtica recaudatoria, podemos avanzar con este tipo de inversiones que es muy importante. Lo que tratamos es paliar una situaci\u00f3n y que no se detenga el crecimiento de la ciudad\u201d.<br>En este sentido el jefe comunal sostuvo que \u201crecopilando todo el trabajo territorial que estamos haciendo en los barrios de la ciudad, una de las primeras solicitudes y quejas es el tema de la recolecci\u00f3n. Va a ser un antes y un despu\u00e9s, va a ser muy importante esto, los camiones vienen con contenedores\u201d.<br>En cuanto a la inversi\u00f3n que llevar\u00e1 adelante la Municipalidad de R\u00edo Gallegos, el presupuesto para la compra de los dos veh\u00edculos asciende a aproximadamente 390 millones de pesos.<br>Participaron del acto el jefe de Gabinete Municipal, Diego Robles; la secretaria de Coordinaci\u00f3n Ejecutiva, Claudia Picuntureo; de Planeamiento y Obras P\u00fablicas, Mar\u00eda Grasso; de Gobierno, Sara Delgado; de Construcci\u00f3n y Ordenamiento Territorial, Natalia Quiroz, trabajadores y trabajadoras municipales; entre otros miembros del sector p\u00fablico y privado.<\/p>\n","protected":false},"excerpt":{"rendered":"<p>El intendente de R\u00edo Gallegos, Pablo Grasso, encabez\u00f3 el acto oficial de apertura de sobres de licitaci\u00f3n p\u00fablica<\/p>\n","protected":false},"author":1,"featured_media":1250,"comment_status":"closed","ping_status":"closed","sticky":false,"template":"","format":"standard","meta":{"footnotes":""},"categories":[4],"tags":[],"class_list":["post-1249","post","type-post","status-publish","format-standard","has-post-thumbnail","hentry","category-politica"],"_links":{"self":[{"href":"https:\/\/notidiario24.com.ar\/portalweb\/wp-json\/wp\/v2\/posts\/1249","targetHints":{"allow":["GET"]}}],"collection":[{"href":"https:\/\/notidiario24.com.ar\/portalweb\/wp-json\/wp\/v2\/posts"}],"about":[{"href":"https:\/\/notidiario24.com.ar\/portalweb\/wp-json\/wp\/v2\/types\/post"}],"author":[{"embeddable":true,"href":"https:\/\/notidiario24.com.ar\/portalweb\/wp-json\/wp\/v2\/users\/1"}],"replies":[{"embeddable":true,"href":"https:\/\/notidiario24.com.ar\/portalweb\/wp-json\/wp\/v2\/comments?post=1249"}],"version-history":[{"count":1,"href":"https:\/\/notidiario24.com.ar\/portalweb\/wp-json\/wp\/v2\/posts\/1249\/revisions"}],"predecessor-version":[{"id":1251,"href":"https:\/\/notidiario24.com.ar\/portalweb\/wp-json\/wp\/v2\/posts\/1249\/revisions\/1251"}],"wp:featuredmedia":[{"embeddable":true,"href":"https:\/\/notidiario24.com.ar\/portalweb\/wp-json\/wp\/v2\/media\/1250"}],"wp:attachment":[{"href":"https:\/\/notidiario24.com.ar\/portalweb\/wp-json\/wp\/v2\/media?parent=1249"}],"wp:term":[{"taxonomy":"category","embeddable":true,"href":"https:\/\/notidiario24.com.ar\/portalweb\/wp-json\/wp\/v2\/categories?post=1249"},{"taxonomy":"post_tag","embeddable":true,"href":"https:\/\/notidiario24.com.ar\/portalweb\/wp-json\/wp\/v2\/tags?post=1249"}],"curies":[{"name":"wp","href":"https:\/\/api.w.org\/{rel}","templated":true}]}}