{"id":1226,"date":"2024-02-20T15:01:44","date_gmt":"2024-02-20T15:01:44","guid":{"rendered":"https:\/\/notidiario24.com.ar\/portalweb\/?p=1226"},"modified":"2024-02-20T15:01:45","modified_gmt":"2024-02-20T15:01:45","slug":"quedo-conformada-la-bicameral-para-tratar-el-dnu","status":"publish","type":"post","link":"https:\/\/notidiario24.com.ar\/portalweb\/2024\/02\/20\/quedo-conformada-la-bicameral-para-tratar-el-dnu\/","title":{"rendered":"Qued\u00f3 conformada la Bicameral para tratar el DNU"},"content":{"rendered":"\n<p>La comisi\u00f3n deber\u00e1 abocarse, tras su constituci\u00f3n, al estudio del Decreto de Necesidad y Urgencia 70\/23 presentado por el Poder Ejecutivo el pasado 20 de diciembre, y con vigencia desde el 29 de ese mes.<\/p>\n\n\n\n<!--more-->\n\n\n\n<p>El presidente de la C\u00e1mara de Diputados, Mart\u00edn Menem (La Libertad Avanza), defini\u00f3 este lunes los ocho integrantes de ese Cuerpo que conformar\u00e1n la Comisi\u00f3n Bicameral que analiza los DNU, asign\u00e1ndole tres espacios a Uni\u00f3n por la Patria, en lugar de los cuatro que solicitaba, y resolviendo as\u00ed la cuesti\u00f3n que demoraba la conformaci\u00f3n de la misma.<\/p>\n\n\n\n<p>Con la designaci\u00f3n formal de los ocho representantes por la C\u00e1mara baja, qued\u00f3 finalmente conformada la Comisi\u00f3n, ya que la presidenta del Senado, Victoria Villarruel, hab\u00eda hecho lo propio hace m\u00e1s de un mes.<\/p>\n\n\n\n<p>Resuelta la cuesti\u00f3n, la conformaci\u00f3n de la Bicameral de Tr\u00e1mite Legislativo ser\u00e1 la siguiente: Uni\u00f3n por la Patria 6 (3 diputados y 3 senadores); La Libertad Avanza 3 (2 diputados y 1 senador); el PRO 2 (uno de cada C\u00e1mara); la UCR 2 (uno de cada C\u00e1mara); Hacemos Coalici\u00f3n Federal 1 diputado; Unidad Federal 1 senador y Cambio Federal 1 senador.<\/p>\n\n\n\n<p>La presidencia quedar\u00eda a cargo del senador oficialista Juan Carlos Pagotto, seg\u00fan el acuerdo que se lograr\u00eda entre LLA y los bloques dialoguistas, para imponer su nombre.<\/p>\n\n\n\n<p>La Comisi\u00f3n Bicameral deber\u00e1 abocarse, tras su constituci\u00f3n, al estudio del DNU 70\/23 presentado por el Poder Ejecutivo el pasado 20 de diciembre, y con vigencia desde el 29 de ese mes.<\/p>\n\n\n\n<p>Sin embargo, como el plazo reglamentario para que se expida la Comisi\u00f3n se encuentra vencido, desde Uni\u00f3n por la Patria ya solicitaron tres reuniones del plenario del Senado para abordar el tratamiento.<\/p>\n\n\n\n<p>Las tres fueron negadas por la vicepresidenta Villarruel. Sin embargo, el tema podr\u00eda colarse -aunque sea para definir la instancia de su abordaje- en la sesi\u00f3n especial prevista para este viernes, en la que la C\u00e1mara formalizar\u00e1 a sus autoridades.<\/p>\n\n\n\n<p>La resoluci\u00f3n de la Presidencia de Diputados se conoci\u00f3 este lunes, luego de que el mi\u00e9rcoles pasado Menem le enviara una nota al jefe del bloque de Uni\u00f3n por la Patria, Germ\u00e1n Mart\u00ednez, para ratificar la posici\u00f3n del oficialismo en cuanto a la distribuci\u00f3n de las representaciones pol\u00edticas en la comisi\u00f3n. En ese marco, le pidi\u00f3 a la principal bancada opositora que desista de proponer cuatro nombres, ya que solo le corresponder\u00edan tres lugares.<\/p>\n\n\n\n<p>\u201cAnte la premura y necesidad de elevar la n\u00f3mina de integrantes de este Cuerpo que van a conformar la Comisi\u00f3n Bicameral de Tr\u00e1mite Legislativo, solicito quiera tener a bien remitirme, lo antes posible, la lista de los tres postulantes del bloque y que le corresponden, en funci\u00f3n de lo dispuesto por la Ley 26.122\u201d, se\u00f1ala la nota enviada por Menem a Mart\u00ednez.<\/p>\n\n\n\n<p>En ese sentido, el titular de la C\u00e1mara baja marc\u00f3: \u201cComo es de su conocimiento, el art\u00edculo 3 de esa ley es sumamente claro y preciso cuando estipula que: \u2018la Comisi\u00f3n Bicameral Permanente est\u00e1 integrada por ocho diputados y ocho senadores, designados por el Presidente de sus respectivas C\u00e1maras a propuesta de los bloques parlamentarios, respetando la proporci\u00f3n de las representaciones pol\u00edticas\u2019\u201d.<\/p>\n\n\n\n<p>\u201cEn ese contexto, de acuerdo a la cantidad de integrantes de su bloque (99) sobre el total de la C\u00e1mara (257), le corresponde el 38,52 por ciento de representaci\u00f3n. Ese porcentaje, sobre ocho integrantes, implica la cantidad de 3,08\u201d, precis\u00f3.<\/p>\n\n\n\n<p>Tambi\u00e9n apunt\u00f3 que \u201ccomo le consta por las reiteradas conversaciones que hemos mantenido sobre el particular, su bloque -en ning\u00fan caso- puede pretender la integraci\u00f3n de cuatro diputados, que implicar\u00eda arrogarse el 50 por ciento de representaci\u00f3n\u201d.<\/p>\n\n\n\n<p>La nota de Menem llega como consecuencia de que LLA y UxP, no se pon\u00edan de acuerdo en cuanto a la cantidad de integrantes que cada fuerza debe tener en la Comisi\u00f3n: para el oficialismo, a UxP le corresponden 3; a LLA 2; al PRO 1; a la UCR 1 y a Hacemos Coalici\u00f3n Federal 1.<\/p>\n\n\n\n<p>Para UxP, en cambio, la distribuci\u00f3n es de cuatro propios y uno para cada una de las restantes fuerzas.<\/p>\n\n\n\n<p>La disputa se hab\u00eda iniciado en diciembre y, el 28 de ese mes, UxP le hab\u00eda solicitado a Menem la \u00aburgente\u00bb conformaci\u00f3n de la Comisi\u00f3n.<\/p>\n\n\n\n<p>En esa misma nota argument\u00f3 que de acuerdo al art\u00edculo 99 inciso 3 de la Constituci\u00f3n Nacional, \u00abla composici\u00f3n de la referida comisi\u00f3n &#8216;deber\u00e1 respetar la proporci\u00f3n de las representaciones pol\u00edticas de cada C\u00e1mara'\u00bb.<\/p>\n\n\n\n<p>Los nombres que integrar\u00e1n la bicameral ser\u00e1n: los senadores Mar\u00eda Teresa Gonz\u00e1lez, Mariano Recalde y Anabel Fern\u00e1ndez Sagasti (UxP); Pagotto (LLA); V\u00edctor Zimmermann (UCR); Luis Juez (PRO); Juan Carlos Romero (Cambio Federal) y Carlos Esp\u00ednola (Unidad Federal).<\/p>\n\n\n\n<p>Por Diputados, en tanto, estar\u00e1n: Carolina Gaillard, Ramiro Guti\u00e9rrez y Vanesa Siley (UxP); Oscar Zago y Lisandro Almir\u00f3n (LLA); Francisco Monti (UCR); Hern\u00e1n Lombardi (PRO) y Nicol\u00e1s Massot (Hacemos).<\/p>\n","protected":false},"excerpt":{"rendered":"<p>La comisi\u00f3n deber\u00e1 abocarse, tras su constituci\u00f3n, al estudio del Decreto de Necesidad y Urgencia 70\/23 presentado por<\/p>\n","protected":false},"author":1,"featured_media":1227,"comment_status":"closed","ping_status":"closed","sticky":false,"template":"","format":"standard","meta":{"footnotes":""},"categories":[4],"tags":[],"class_list":["post-1226","post","type-post","status-publish","format-standard","has-post-thumbnail","hentry","category-politica"],"_links":{"self":[{"href":"https:\/\/notidiario24.com.ar\/portalweb\/wp-json\/wp\/v2\/posts\/1226","targetHints":{"allow":["GET"]}}],"collection":[{"href":"https:\/\/notidiario24.com.ar\/portalweb\/wp-json\/wp\/v2\/posts"}],"about":[{"href":"https:\/\/notidiario24.com.ar\/portalweb\/wp-json\/wp\/v2\/types\/post"}],"author":[{"embeddable":true,"href":"https:\/\/notidiario24.com.ar\/portalweb\/wp-json\/wp\/v2\/users\/1"}],"replies":[{"embeddable":true,"href":"https:\/\/notidiario24.com.ar\/portalweb\/wp-json\/wp\/v2\/comments?post=1226"}],"version-history":[{"count":1,"href":"https:\/\/notidiario24.com.ar\/portalweb\/wp-json\/wp\/v2\/posts\/1226\/revisions"}],"predecessor-version":[{"id":1228,"href":"https:\/\/notidiario24.com.ar\/portalweb\/wp-json\/wp\/v2\/posts\/1226\/revisions\/1228"}],"wp:featuredmedia":[{"embeddable":true,"href":"https:\/\/notidiario24.com.ar\/portalweb\/wp-json\/wp\/v2\/media\/1227"}],"wp:attachment":[{"href":"https:\/\/notidiario24.com.ar\/portalweb\/wp-json\/wp\/v2\/media?parent=1226"}],"wp:term":[{"taxonomy":"category","embeddable":true,"href":"https:\/\/notidiario24.com.ar\/portalweb\/wp-json\/wp\/v2\/categories?post=1226"},{"taxonomy":"post_tag","embeddable":true,"href":"https:\/\/notidiario24.com.ar\/portalweb\/wp-json\/wp\/v2\/tags?post=1226"}],"curies":[{"name":"wp","href":"https:\/\/api.w.org\/{rel}","templated":true}]}}