{"id":1217,"date":"2024-02-20T14:57:53","date_gmt":"2024-02-20T14:57:53","guid":{"rendered":"https:\/\/notidiario24.com.ar\/portalweb\/?p=1217"},"modified":"2024-02-20T14:57:54","modified_gmt":"2024-02-20T14:57:54","slug":"rio-gallegos-homenajearon-a-las-trabajadoras-del-prostibulo-la-catalana","status":"publish","type":"post","link":"https:\/\/notidiario24.com.ar\/portalweb\/2024\/02\/20\/rio-gallegos-homenajearon-a-las-trabajadoras-del-prostibulo-la-catalana\/","title":{"rendered":"R\u00edo Gallegos: Homenajearon a las trabajadoras del prost\u00edbulo \u201cLa Catalana\u201d"},"content":{"rendered":"\n<p>Este s\u00e1bado, se realiz\u00f3 un acto de homenaje a las trabajadoras del prost\u00edbulo \u201cLa Catalana\u201d, en el Paseo de la Memoria del Complejo Cultural Santa Cruz de la ciudad de R\u00edo Gallegos. En la oportunidad, se plant\u00f3 un \u00e1rbol por cada una de ellas y se reivindic\u00f3 la memoria de estas mujeres, su lucha como ejemplo de resistencia y de dignidad, que nos inspira a seguir defendiendo nuestros derechos y nuestra libertad.<\/p>\n\n\n\n<!--more-->\n\n\n\n<p>Participaron del homenaje, el equipo del Ministerio de Desarrollo Social, Igualdad e Integraci\u00f3n, AMMAR (Asociaci\u00f3n de Mujeres Meretrices de Argentina), la mesa provincial por las Huelgas Patag\u00f3nicas de R\u00edo Gallegos y de Puerto San Juli\u00e1n, ATE (Asociaci\u00f3n Trabajadores del Estado) y CTA (Central de Trabajadores de Argentina).<\/p>\n\n\n\n<p>La Catalana: el prost\u00edbulo que desafi\u00f3 al ej\u00e9rcito<\/p>\n\n\n\n<p>Hace 102 a\u00f1os, las trabajadoras sexuales del prost\u00edbulo \u201cLa Catalana\u201d se negaron a recibir a los militares responsables de la masacre de \u201cLa Patagonia Rebelde\u201d. Esta acci\u00f3n de protesta les cost\u00f3 caro, pero tambi\u00e9n fue un ejemplo de dignidad y solidaridad. \u00bfConoc\u00edas esta historia?<\/p>\n\n\n\n<p>El 17 de febrero de 1922, el Teniente Coronel H\u00e9ctor Benigno Varela, el mismo que orden\u00f3 el fusilamiento de los trabajadores rurales en \u201cLa Patagonia Rebelde\u201d, lleg\u00f3 con sus soldados al prost\u00edbulo \u201cLa Catalana\u201d.<\/p>\n\n\n\n<p>Las mujeres que trabajaban all\u00ed, en su mayor\u00eda inmigrantes espa\u00f1olas, se enteraron de la identidad de los militares y decidieron no atenderlos. Fue un acto de rebeld\u00eda y de solidaridad con los huelguistas asesinados.<\/p>\n\n\n\n<p>Los soldados reaccionaron con violencia, golpeando y torturando a las mujeres. Algunas lograron escapar y otras fueron llevadas al cuartel, donde sufrieron m\u00e1s abusos. El prost\u00edbulo fue clausurado y las mujeres fueron expulsadas de la ciudad.<\/p>\n\n\n\n<p>Su historia qued\u00f3 silenciada por muchos a\u00f1os, hasta que fue rescatada en la investigaci\u00f3n de Osvaldo Bayer, quien la incluy\u00f3 en su libro \u201cLos vengadores de la Patagonia tr\u00e1gica\u201d. En el a\u00f1o 2000, se estren\u00f3 la pel\u00edcula \u201cLa Catalana\u201d, dirigida por Antonio Fornari, que recrea los hechos ocurridos en el prost\u00edbulo.<\/p>\n\n\n\n<figure class=\"wp-block-gallery has-nested-images columns-default is-cropped wp-block-gallery-1 is-layout-flex wp-block-gallery-is-layout-flex\">\n<figure class=\"wp-block-image size-large\"><img loading=\"lazy\" decoding=\"async\" width=\"728\" height=\"485\" data-id=\"1219\" src=\"https:\/\/notidiario24.com.ar\/portalweb\/wp-content\/uploads\/2024\/02\/WhatsApp-Image-2024-02-17-at-14.20.53-3-728x485-1.webp\" alt=\"\" class=\"wp-image-1219\" srcset=\"https:\/\/notidiario24.com.ar\/portalweb\/wp-content\/uploads\/2024\/02\/WhatsApp-Image-2024-02-17-at-14.20.53-3-728x485-1.webp 728w, https:\/\/notidiario24.com.ar\/portalweb\/wp-content\/uploads\/2024\/02\/WhatsApp-Image-2024-02-17-at-14.20.53-3-728x485-1-300x200.webp 300w\" sizes=\"auto, (max-width: 728px) 100vw, 728px\" \/><\/figure>\n\n\n\n<figure class=\"wp-block-image size-large\"><img loading=\"lazy\" decoding=\"async\" width=\"728\" height=\"485\" data-id=\"1223\" src=\"https:\/\/notidiario24.com.ar\/portalweb\/wp-content\/uploads\/2024\/02\/WhatsApp-Image-2024-02-17-at-14.20.53-4-728x485-1.webp\" alt=\"\" class=\"wp-image-1223\" srcset=\"https:\/\/notidiario24.com.ar\/portalweb\/wp-content\/uploads\/2024\/02\/WhatsApp-Image-2024-02-17-at-14.20.53-4-728x485-1.webp 728w, https:\/\/notidiario24.com.ar\/portalweb\/wp-content\/uploads\/2024\/02\/WhatsApp-Image-2024-02-17-at-14.20.53-4-728x485-1-300x200.webp 300w\" sizes=\"auto, (max-width: 728px) 100vw, 728px\" \/><\/figure>\n\n\n\n<figure class=\"wp-block-image size-large\"><img loading=\"lazy\" decoding=\"async\" width=\"728\" height=\"485\" data-id=\"1221\" src=\"https:\/\/notidiario24.com.ar\/portalweb\/wp-content\/uploads\/2024\/02\/WhatsApp-Image-2024-02-17-at-14.20.53-8-728x485-1.webp\" alt=\"\" class=\"wp-image-1221\" srcset=\"https:\/\/notidiario24.com.ar\/portalweb\/wp-content\/uploads\/2024\/02\/WhatsApp-Image-2024-02-17-at-14.20.53-8-728x485-1.webp 728w, https:\/\/notidiario24.com.ar\/portalweb\/wp-content\/uploads\/2024\/02\/WhatsApp-Image-2024-02-17-at-14.20.53-8-728x485-1-300x200.webp 300w\" sizes=\"auto, (max-width: 728px) 100vw, 728px\" \/><\/figure>\n\n\n\n<figure class=\"wp-block-image size-large\"><img loading=\"lazy\" decoding=\"async\" width=\"728\" height=\"485\" data-id=\"1224\" src=\"https:\/\/notidiario24.com.ar\/portalweb\/wp-content\/uploads\/2024\/02\/WhatsApp-Image-2024-02-17-at-14.20.53-5-728x485-1.webp\" alt=\"\" class=\"wp-image-1224\" srcset=\"https:\/\/notidiario24.com.ar\/portalweb\/wp-content\/uploads\/2024\/02\/WhatsApp-Image-2024-02-17-at-14.20.53-5-728x485-1.webp 728w, https:\/\/notidiario24.com.ar\/portalweb\/wp-content\/uploads\/2024\/02\/WhatsApp-Image-2024-02-17-at-14.20.53-5-728x485-1-300x200.webp 300w\" sizes=\"auto, (max-width: 728px) 100vw, 728px\" \/><\/figure>\n\n\n\n<figure class=\"wp-block-image size-large\"><img loading=\"lazy\" decoding=\"async\" width=\"728\" height=\"486\" data-id=\"1220\" src=\"https:\/\/notidiario24.com.ar\/portalweb\/wp-content\/uploads\/2024\/02\/WhatsApp-Image-2024-02-17-at-14.20.53-7-728x486-1.webp\" alt=\"\" class=\"wp-image-1220\" srcset=\"https:\/\/notidiario24.com.ar\/portalweb\/wp-content\/uploads\/2024\/02\/WhatsApp-Image-2024-02-17-at-14.20.53-7-728x486-1.webp 728w, https:\/\/notidiario24.com.ar\/portalweb\/wp-content\/uploads\/2024\/02\/WhatsApp-Image-2024-02-17-at-14.20.53-7-728x486-1-300x200.webp 300w\" sizes=\"auto, (max-width: 728px) 100vw, 728px\" \/><\/figure>\n\n\n\n<figure class=\"wp-block-image size-large\"><img loading=\"lazy\" decoding=\"async\" width=\"728\" height=\"485\" data-id=\"1222\" src=\"https:\/\/notidiario24.com.ar\/portalweb\/wp-content\/uploads\/2024\/02\/WhatsApp-Image-2024-02-17-at-14.20.53-9-728x485-1.webp\" alt=\"\" class=\"wp-image-1222\" srcset=\"https:\/\/notidiario24.com.ar\/portalweb\/wp-content\/uploads\/2024\/02\/WhatsApp-Image-2024-02-17-at-14.20.53-9-728x485-1.webp 728w, https:\/\/notidiario24.com.ar\/portalweb\/wp-content\/uploads\/2024\/02\/WhatsApp-Image-2024-02-17-at-14.20.53-9-728x485-1-300x200.webp 300w\" sizes=\"auto, (max-width: 728px) 100vw, 728px\" \/><\/figure>\n<\/figure>\n","protected":false},"excerpt":{"rendered":"<p>Este s\u00e1bado, se realiz\u00f3 un acto de homenaje a las trabajadoras del prost\u00edbulo \u201cLa Catalana\u201d, en el Paseo<\/p>\n","protected":false},"author":1,"featured_media":1218,"comment_status":"closed","ping_status":"closed","sticky":false,"template":"","format":"standard","meta":{"footnotes":""},"categories":[3],"tags":[],"class_list":["post-1217","post","type-post","status-publish","format-standard","has-post-thumbnail","hentry","category-generales"],"_links":{"self":[{"href":"https:\/\/notidiario24.com.ar\/portalweb\/wp-json\/wp\/v2\/posts\/1217","targetHints":{"allow":["GET"]}}],"collection":[{"href":"https:\/\/notidiario24.com.ar\/portalweb\/wp-json\/wp\/v2\/posts"}],"about":[{"href":"https:\/\/notidiario24.com.ar\/portalweb\/wp-json\/wp\/v2\/types\/post"}],"author":[{"embeddable":true,"href":"https:\/\/notidiario24.com.ar\/portalweb\/wp-json\/wp\/v2\/users\/1"}],"replies":[{"embeddable":true,"href":"https:\/\/notidiario24.com.ar\/portalweb\/wp-json\/wp\/v2\/comments?post=1217"}],"version-history":[{"count":1,"href":"https:\/\/notidiario24.com.ar\/portalweb\/wp-json\/wp\/v2\/posts\/1217\/revisions"}],"predecessor-version":[{"id":1225,"href":"https:\/\/notidiario24.com.ar\/portalweb\/wp-json\/wp\/v2\/posts\/1217\/revisions\/1225"}],"wp:featuredmedia":[{"embeddable":true,"href":"https:\/\/notidiario24.com.ar\/portalweb\/wp-json\/wp\/v2\/media\/1218"}],"wp:attachment":[{"href":"https:\/\/notidiario24.com.ar\/portalweb\/wp-json\/wp\/v2\/media?parent=1217"}],"wp:term":[{"taxonomy":"category","embeddable":true,"href":"https:\/\/notidiario24.com.ar\/portalweb\/wp-json\/wp\/v2\/categories?post=1217"},{"taxonomy":"post_tag","embeddable":true,"href":"https:\/\/notidiario24.com.ar\/portalweb\/wp-json\/wp\/v2\/tags?post=1217"}],"curies":[{"name":"wp","href":"https:\/\/api.w.org\/{rel}","templated":true}]}}