{"id":1214,"date":"2024-02-20T14:55:11","date_gmt":"2024-02-20T14:55:11","guid":{"rendered":"https:\/\/notidiario24.com.ar\/portalweb\/?p=1214"},"modified":"2024-02-20T14:55:12","modified_gmt":"2024-02-20T14:55:12","slug":"dos-santacrucenos-le-complican-el-dnu-a-victoria-villarruel-en-el-senado","status":"publish","type":"post","link":"https:\/\/notidiario24.com.ar\/portalweb\/2024\/02\/20\/dos-santacrucenos-le-complican-el-dnu-a-victoria-villarruel-en-el-senado\/","title":{"rendered":"Dos santacruce\u00f1os le complican el DNU a Victoria Villarruel en el Senado"},"content":{"rendered":"\n<p>Se trata del bloque compuesto por Jos\u00e9 Mar\u00eda Carambia y Natalia Gadano. Confirmaron que no acompa\u00f1ar\u00e1n el DNU de Javier Milei. El legislador santacruce\u00f1o condicion\u00f3 el respaldo a dividir la iniciativa en tramos.<\/p>\n\n\n\n<!--more-->\n\n\n\n<p>Por tercera vez, este viernes, Victoria Villarruel ignorar\u00e1 el pedido de Uni\u00f3n por la Patria y no convocar\u00e1 a una sesi\u00f3n para tratar el DNU 70\/23, firmado por Javier Milei. El motivo es simple: hay una mayor\u00eda en el Senado dispuesta a rechazarlo, con el aporte decisivo de la dupla de Santa Cruz.<\/p>\n\n\n\n<p>Este bloque lo integran Jos\u00e9 Carambia y Natalia Gadano, quienes ganaron sus bancas asociados al gobernador de su provincia, Claudio Vidal. En diciembre protagonizaron un conflicto con Villarruel cuando, despu\u00e9s de asumir, no les asignaron un despacho.<\/p>\n\n\n\n<p>Carambia confirm\u00f3 que si la vicepresidenta pone el DNU en tratamiento, su bloque pulsar\u00e1 el bot\u00f3n rojo. \u00abSi lo separan en tramos, capaz que algunas cosas apoyamos. Si es todo o nada, votaremos en contra\u00bb, anticip\u00f3. La ley 26.122 es clara: el Congreso puede rechazar o avalar en su totalidad los decretos. Si ambas C\u00e1maras votan en contra, queda rechazado.<\/p>\n\n\n\n<p>Antes de la confirmaci\u00f3n de Carambia, en Uni\u00f3n por la Patria contabilizaban un piso de 36 votos en el Senado para rechazar el decretazo, uno menos que la mayor\u00eda. Sumaban a 33 propios, al entrerriano Edgardo Kueider, quien integra el bloque Unidad Federal (junto a Carlos Esp\u00ednola y la cordobesa Alejandra Vigo), la rionegrina M\u00f3nica Silva y la neuquina Lucila Crexller.<\/p>\n\n\n\n<p>Las dos \u00faltimas responden a los gobernadores de Alberto Weretilneck (R\u00edo Negro) y Rolando Figueroa (Neuqu\u00e9n), quienes la semana pasada intimaron a la Naci\u00f3n en reclamo de las concesiones hidroel\u00e9ctricas. La decisi\u00f3n de Milei de no pagar el Fondo de Incentivo Docente complic\u00f3, a\u00fan m\u00e1s, la relaci\u00f3n con las provincias.<\/p>\n\n\n\n<p>En UxP conf\u00edan que si est\u00e1n los 37 votos para rechazar el DNU, aparecer\u00e1 el respaldo de otras fuerzas, como la dupla de Misiones que responde al gobierno provincial. O Vigo, la esposa del exgobernador de C\u00f3rdoba, Juan Schiarietti.<\/p>\n\n\n\n<p>La vicepresidenta de la Naci\u00f3n y titular de la C\u00e1mara de Senadores, Victoria Villarruel, convoc\u00f3 a una sesi\u00f3n preparatoria para el pr\u00f3ximo 23 de febrero para ratificar a las autoridades del recinto, en medio de presiones y denuncias de la oposici\u00f3n que busca debatir del DNU de Javier Milei.<\/p>\n\n\n\n<p>El decreto DPP 10\/24 firmado por la vicepresidenta, establece que la reuni\u00f3n parlamentaria se llevar\u00e1 a cabo desde las 10 horas. Ese mismo viernes, fue reclamado por el interbloque del Frente de Todos para celebrar una sesi\u00f3n especial a fin de tratar el Decreto de Necesidad y Urgencia (DNU) 70\/23, firmado por el presidente Javier Milei, apenas asumi\u00f3 en su mandato.<\/p>\n\n\n\n<p><\/p>\n\n\n\n<p>fuente:TS<\/p>\n","protected":false},"excerpt":{"rendered":"<p>Se trata del bloque compuesto por Jos\u00e9 Mar\u00eda Carambia y Natalia Gadano. Confirmaron que no acompa\u00f1ar\u00e1n el DNU<\/p>\n","protected":false},"author":1,"featured_media":1215,"comment_status":"closed","ping_status":"closed","sticky":false,"template":"","format":"standard","meta":{"footnotes":""},"categories":[4],"tags":[],"class_list":["post-1214","post","type-post","status-publish","format-standard","has-post-thumbnail","hentry","category-politica"],"_links":{"self":[{"href":"https:\/\/notidiario24.com.ar\/portalweb\/wp-json\/wp\/v2\/posts\/1214","targetHints":{"allow":["GET"]}}],"collection":[{"href":"https:\/\/notidiario24.com.ar\/portalweb\/wp-json\/wp\/v2\/posts"}],"about":[{"href":"https:\/\/notidiario24.com.ar\/portalweb\/wp-json\/wp\/v2\/types\/post"}],"author":[{"embeddable":true,"href":"https:\/\/notidiario24.com.ar\/portalweb\/wp-json\/wp\/v2\/users\/1"}],"replies":[{"embeddable":true,"href":"https:\/\/notidiario24.com.ar\/portalweb\/wp-json\/wp\/v2\/comments?post=1214"}],"version-history":[{"count":1,"href":"https:\/\/notidiario24.com.ar\/portalweb\/wp-json\/wp\/v2\/posts\/1214\/revisions"}],"predecessor-version":[{"id":1216,"href":"https:\/\/notidiario24.com.ar\/portalweb\/wp-json\/wp\/v2\/posts\/1214\/revisions\/1216"}],"wp:featuredmedia":[{"embeddable":true,"href":"https:\/\/notidiario24.com.ar\/portalweb\/wp-json\/wp\/v2\/media\/1215"}],"wp:attachment":[{"href":"https:\/\/notidiario24.com.ar\/portalweb\/wp-json\/wp\/v2\/media?parent=1214"}],"wp:term":[{"taxonomy":"category","embeddable":true,"href":"https:\/\/notidiario24.com.ar\/portalweb\/wp-json\/wp\/v2\/categories?post=1214"},{"taxonomy":"post_tag","embeddable":true,"href":"https:\/\/notidiario24.com.ar\/portalweb\/wp-json\/wp\/v2\/tags?post=1214"}],"curies":[{"name":"wp","href":"https:\/\/api.w.org\/{rel}","templated":true}]}}