{"id":1208,"date":"2024-02-20T14:40:58","date_gmt":"2024-02-20T14:40:58","guid":{"rendered":"https:\/\/notidiario24.com.ar\/portalweb\/?p=1208"},"modified":"2024-02-20T14:40:59","modified_gmt":"2024-02-20T14:40:59","slug":"autoridades-provinciales-articulan-actividades-de-formacion-laboral-en-rio-gallegos","status":"publish","type":"post","link":"https:\/\/notidiario24.com.ar\/portalweb\/2024\/02\/20\/autoridades-provinciales-articulan-actividades-de-formacion-laboral-en-rio-gallegos\/","title":{"rendered":"Autoridades Provinciales articulan actividades de formaci\u00f3n laboral en R\u00edo Gallegos"},"content":{"rendered":"\n<p>La primera de las propuestas que se desarrollar\u00e1n de manera conjunta ser\u00e1 un curso para formar gasistas en distintos puntos de R\u00edo Gallegos. Las inscripciones comenzar\u00e1n el pr\u00f3ximo mes de marzo.<\/p>\n\n\n\n<!--more-->\n\n\n\n<p>En un encuentro que se concret\u00f3 en la Direcci\u00f3n Provincial de Educaci\u00f3n T\u00e9cnica, el subsecretario de Asuntos Institucionales de la Gobernaci\u00f3n, Giorgio Benini; el subgerente de Relaciones Institucionales de Distrigas S.A., Maximiliano G\u00f3mez; el director de Escuelas T\u00e9cnicas, Christian Dom\u00ednguez y la coordinadora de Centros de Formaci\u00f3n Profesional, Nora Seco, dialogaron y articularon acciones para impulsar propuestas de formaci\u00f3n profesional en la provincia.<\/p>\n\n\n\n<p>El primero de estos cursos estar\u00e1 destinado a formar gasistas en R\u00edo Gallegos. Para tal fin, se dividir\u00e1n dos comisiones que funcionar\u00e1n una en el Barrio San Benito y otra en el centro de la ciudad de R\u00edo Gallegos. En marzo comenzar\u00e1n las inscripciones.<\/p>\n","protected":false},"excerpt":{"rendered":"<p>La primera de las propuestas que se desarrollar\u00e1n de manera conjunta ser\u00e1 un curso para formar gasistas en<\/p>\n","protected":false},"author":1,"featured_media":1209,"comment_status":"closed","ping_status":"closed","sticky":false,"template":"","format":"standard","meta":{"footnotes":""},"categories":[3],"tags":[],"class_list":["post-1208","post","type-post","status-publish","format-standard","has-post-thumbnail","hentry","category-generales"],"_links":{"self":[{"href":"https:\/\/notidiario24.com.ar\/portalweb\/wp-json\/wp\/v2\/posts\/1208","targetHints":{"allow":["GET"]}}],"collection":[{"href":"https:\/\/notidiario24.com.ar\/portalweb\/wp-json\/wp\/v2\/posts"}],"about":[{"href":"https:\/\/notidiario24.com.ar\/portalweb\/wp-json\/wp\/v2\/types\/post"}],"author":[{"embeddable":true,"href":"https:\/\/notidiario24.com.ar\/portalweb\/wp-json\/wp\/v2\/users\/1"}],"replies":[{"embeddable":true,"href":"https:\/\/notidiario24.com.ar\/portalweb\/wp-json\/wp\/v2\/comments?post=1208"}],"version-history":[{"count":1,"href":"https:\/\/notidiario24.com.ar\/portalweb\/wp-json\/wp\/v2\/posts\/1208\/revisions"}],"predecessor-version":[{"id":1210,"href":"https:\/\/notidiario24.com.ar\/portalweb\/wp-json\/wp\/v2\/posts\/1208\/revisions\/1210"}],"wp:featuredmedia":[{"embeddable":true,"href":"https:\/\/notidiario24.com.ar\/portalweb\/wp-json\/wp\/v2\/media\/1209"}],"wp:attachment":[{"href":"https:\/\/notidiario24.com.ar\/portalweb\/wp-json\/wp\/v2\/media?parent=1208"}],"wp:term":[{"taxonomy":"category","embeddable":true,"href":"https:\/\/notidiario24.com.ar\/portalweb\/wp-json\/wp\/v2\/categories?post=1208"},{"taxonomy":"post_tag","embeddable":true,"href":"https:\/\/notidiario24.com.ar\/portalweb\/wp-json\/wp\/v2\/tags?post=1208"}],"curies":[{"name":"wp","href":"https:\/\/api.w.org\/{rel}","templated":true}]}}