{"id":1205,"date":"2024-02-20T14:32:56","date_gmt":"2024-02-20T14:32:56","guid":{"rendered":"https:\/\/notidiario24.com.ar\/portalweb\/?p=1205"},"modified":"2024-02-20T14:32:57","modified_gmt":"2024-02-20T14:32:57","slug":"este-jueves-nace-el-foro-patagonico-de-ciudades-atlanticas","status":"publish","type":"post","link":"https:\/\/notidiario24.com.ar\/portalweb\/2024\/02\/20\/este-jueves-nace-el-foro-patagonico-de-ciudades-atlanticas\/","title":{"rendered":"Este jueves nace el Foro Patag\u00f3nico de Ciudades Atl\u00e1nticas"},"content":{"rendered":"\n<p>Con el objetivo de colaborar pol\u00edtica y estrat\u00e9gicamente en el desarrollo de las comunidades, atravesadas por el duro acontecer que vive nuestro pa\u00eds, se realizar\u00e1 este primer encuentro en Comodoro Rivadavia. Pablo Grasso remarc\u00f3 que \u00absi hay algo que nos atraviesa a los patag\u00f3nicos es la templanza para enfrentar la adversidad, debemos buscar acuerdos con las diferencias adentro\u00bb, Mart\u00edn P\u00e9rez de R\u00edo Grande dijo que \u00abvamos a unir fuerzas y criterios para defender nuestras ciudades\u00bb.<\/p>\n\n\n\n<!--more-->\n\n\n\n<p>El objetivo de este Foro es constituirlo en un \u00e1mbito de di\u00e1logo pol\u00edtico, intercambio de experiencias de gesti\u00f3n y articulaci\u00f3n ante los desaf\u00edos comunes del desarrollo sostenible, la planificaci\u00f3n estrat\u00e9gica, el uso intensivo del conocimiento y la soberan\u00eda atl\u00e1ntica, empezando por la valorizaci\u00f3n costera del entorno de cada una de las ciudades y su interrelaci\u00f3n con la producci\u00f3n y el procesamiento de los recursos marinos, siempre cuidando los ecosistemas y el entorno ambiental.<\/p>\n\n\n\n<p>En este primer encuentro participar\u00e1n los intendentes de las ciudades fundadoras: Othar Macharashvili, de Comodoro Rivadavia; Pablo Grasso, de R\u00edo Gallegos; Mart\u00edn Perez, de R\u00edo Grande; y Marcos Castro, de Viedma y buscar\u00e1 ampliar a otros intendentes, concejales, funcionarios municipales relacionados con los ejes de trabajo, expertos especialmente invitados y representantes de c\u00e1maras empresarias, sindicatos, universidades y organizaciones de relevancia de las ciudades que manifiesten su inter\u00e9s de constituir el FPCA.<\/p>\n\n\n\n<p>Al respecto, Mart\u00edn P\u00e9rez puntualiz\u00f3 la importancia de construir una agenda de trabajo en conjunto dado el \u00abcontexto muy complejo de desregulaciones en rubros estrat\u00e9gicos para los intereses nacionales, regionales y locales\u00bb y enfatiz\u00f3 que el camino para cuidar los intereses nacionales, regionales y locales es&nbsp; \u00abuniendo fuerzas y criterios para defender nuestras ciudades, su desarrollo y la defensa de la soberan\u00eda en lo relativo a la Causa Malvinas\u00bb.<\/p>\n\n\n\n<p>Pablo Grasso dijo que \u00abesta iniciativa nace ante una clara necesidad de juntarnos, debatir y generar acciones conjuntas entre dirigentes que compartimos similares caracter\u00edsticas geogr\u00e1ficas, clim\u00e1ticas y productivas en nuestras comunidades, vamos a compartir experiencias y articular conocimiento respecto a las gestiones de cada uno, lo hacemos mirando al futuro, al desarrollo de nuestra regi\u00f3n, pero tambi\u00e9n, ante este presente de incertidumbre y sufrimiento de nuestro pueblo, en la defensa de nuestros recursos, la soberan\u00eda econ\u00f3mica y fundamentalmente por nuestros vecinos cuya demanda es cada vez mas fuerte\u00bb. En ese marco uno de los temas coyunturales que podr\u00edan ser tratados es \u00abla quita de subsidios al transporte p\u00fablico que dispara el precio del boleto y genera mayor impacto sobre aquellos que menos tienen\u00bb.<\/p>\n\n\n\n<p>En este sentido \u00ablos patag\u00f3nicos tenemos algo que nos atraviesa a todos y tiene que ver con un car\u00e1cter particular, de soportar cualquier tempestad, de aguantar ante la adversidad y de siempre salir adelante, por eso estamos convencidos que es desde ese \u00edmpetu colectivo, de voluntad y amor propio de nuestras comunidades, que vamos a poder generar herramientas para salir a flote, desde la templanza y los acuerdos entre los que fuimos votados para representar al conjunto\u00bb.<\/p>\n\n\n\n<p>El 22 de febrero se ampliar\u00e1 la convocatoria a otros intendentes, concejales, funcionarios municipales relacionados con los ejes de trabajo, expertos especialmente invitados y representantes de c\u00e1maras empresarias, sindicatos, universidades y organizaciones de relevancia de las ciudades que manifiesten su inter\u00e9s de constituir el FPCA.<\/p>\n","protected":false},"excerpt":{"rendered":"<p>Con el objetivo de colaborar pol\u00edtica y estrat\u00e9gicamente en el desarrollo de las comunidades, atravesadas por el duro<\/p>\n","protected":false},"author":1,"featured_media":1206,"comment_status":"closed","ping_status":"closed","sticky":false,"template":"","format":"standard","meta":{"footnotes":""},"categories":[4],"tags":[],"class_list":["post-1205","post","type-post","status-publish","format-standard","has-post-thumbnail","hentry","category-politica"],"_links":{"self":[{"href":"https:\/\/notidiario24.com.ar\/portalweb\/wp-json\/wp\/v2\/posts\/1205","targetHints":{"allow":["GET"]}}],"collection":[{"href":"https:\/\/notidiario24.com.ar\/portalweb\/wp-json\/wp\/v2\/posts"}],"about":[{"href":"https:\/\/notidiario24.com.ar\/portalweb\/wp-json\/wp\/v2\/types\/post"}],"author":[{"embeddable":true,"href":"https:\/\/notidiario24.com.ar\/portalweb\/wp-json\/wp\/v2\/users\/1"}],"replies":[{"embeddable":true,"href":"https:\/\/notidiario24.com.ar\/portalweb\/wp-json\/wp\/v2\/comments?post=1205"}],"version-history":[{"count":1,"href":"https:\/\/notidiario24.com.ar\/portalweb\/wp-json\/wp\/v2\/posts\/1205\/revisions"}],"predecessor-version":[{"id":1207,"href":"https:\/\/notidiario24.com.ar\/portalweb\/wp-json\/wp\/v2\/posts\/1205\/revisions\/1207"}],"wp:featuredmedia":[{"embeddable":true,"href":"https:\/\/notidiario24.com.ar\/portalweb\/wp-json\/wp\/v2\/media\/1206"}],"wp:attachment":[{"href":"https:\/\/notidiario24.com.ar\/portalweb\/wp-json\/wp\/v2\/media?parent=1205"}],"wp:term":[{"taxonomy":"category","embeddable":true,"href":"https:\/\/notidiario24.com.ar\/portalweb\/wp-json\/wp\/v2\/categories?post=1205"},{"taxonomy":"post_tag","embeddable":true,"href":"https:\/\/notidiario24.com.ar\/portalweb\/wp-json\/wp\/v2\/tags?post=1205"}],"curies":[{"name":"wp","href":"https:\/\/api.w.org\/{rel}","templated":true}]}}