{"id":1189,"date":"2024-02-09T00:08:23","date_gmt":"2024-02-09T00:08:23","guid":{"rendered":"https:\/\/notidiario24.com.ar\/portalweb\/?p=1189"},"modified":"2024-02-09T00:08:24","modified_gmt":"2024-02-09T00:08:24","slug":"plan-de-mantenimiento-escolar-vidal-firmo-convenios-de-cooperacion-con-seis-localidades-en-casa-de-gobierno","status":"publish","type":"post","link":"https:\/\/notidiario24.com.ar\/portalweb\/2024\/02\/09\/plan-de-mantenimiento-escolar-vidal-firmo-convenios-de-cooperacion-con-seis-localidades-en-casa-de-gobierno\/","title":{"rendered":"Plan de mantenimiento Escolar: Vidal firm\u00f3 convenios de cooperaci\u00f3n con seis localidades en Casa de Gobierno"},"content":{"rendered":"\n<p>Con el prop\u00f3sito de poner en marcha el Ciclo Lectivo 2024 y reconstruir la educaci\u00f3n p\u00fablica en Santa Cruz, el gobernador Claudio Vidal, recibi\u00f3 a intendentes y comisionados de fomento de zona centro. Junto a ellos trabajar\u00e1 para cumplir estos objetivos.<\/p>\n\n\n\n<!--more-->\n\n\n\n<p>El gobernador Claudio Vidal, encabez\u00f3 esta tarde firma de convenios con las localidades de Puerto San Juli\u00e1n, Gobernador Gregores, Comandante Luis Piedra Buena, El Chalt\u00e9n, Puerto Santa Cruz y Tres Lagos, para la concreci\u00f3n del plan de mantenimiento, construcci\u00f3n y refacci\u00f3n de los establecimientos educativos de las mismas.<\/p>\n\n\n\n<p>Se trata de trabajos que requerir\u00e1n compromiso e inmediata acci\u00f3n para iniciar el 29 de febrero el Ciclo Lectivo 2024, con los edificios en optimas condiciones.<\/p>\n\n\n\n<p>Es importante resaltar que, a trav\u00e9s de estos acuerdos, el Ejecutivo Provincial a trav\u00e9s del \u00e1rea competente, se obliga a la realizaci\u00f3n de refacciones y mantenimientos de mayor complejidad t\u00e9cnica o de mayor magnitud que requieran los distintos edificios escolares, invirtiendo la totalidad del presupuesto de pesos tres mil millones ($3.000.000.000,00) que dispone el Consejo Provincial de Educaci\u00f3n para tales fines, fijando la modalidad de contrataci\u00f3n y otros t\u00e9rminos conforme a la normativa aplicable. Por su parte, los Municipios y Comisiones de Fomento tendr\u00e1n a su cargo los trabajos menores, los que se consensuar\u00e1n mediante un convenio independiente con cada ente a los efectos de ejecutarse con car\u00e1cter prioritario e impostergable siempre con la asistencia econ\u00f3mica del gobierno provincial, para no generar erogaciones extras a los municipios.<\/p>\n\n\n\n<p>Las partes firmantes de estos acuerdos, mantendr\u00e1n un efectivo canal de di\u00e1logo, comunicaci\u00f3n y mutuo sentido de colaboraci\u00f3n.<\/p>\n\n\n\n<p>Durante el acto que tuvo lugar en el Sal\u00f3n de Los Escudos, el mandatario provincial fue acompa\u00f1ado por el jefe de Gabinete de Ministros, Daniel \u00c1lvarez; y el ministro de Gobierno, Pedro Luxen. Adem\u00e1s, estuvieron presentes, los intendentes, Daniel Gardonio (Puerto San Juli\u00e1n); Carina Bosso (Gobernador Gregores); Anal\u00eda Farias (Comandante Luis Piedra Buena); N\u00e9stor Tic\u00f3 (El Chalt\u00e9n); y Juan Manuel B\u00f3rquez (Puerto Santa Cruz). A ellos se sum\u00f3, la presidenta de la Comisi\u00f3n de Fomento de Tres Lagos, Nayla Fern\u00e1ndez.<\/p>\n\n\n\n<figure class=\"wp-block-gallery has-nested-images columns-default is-cropped wp-block-gallery-1 is-layout-flex wp-block-gallery-is-layout-flex\">\n<figure class=\"wp-block-image size-large\"><img loading=\"lazy\" decoding=\"async\" width=\"1024\" height=\"684\" data-id=\"1192\" src=\"https:\/\/notidiario24.com.ar\/portalweb\/wp-content\/uploads\/2024\/02\/DSC7535-1024x684.jpg\" alt=\"\" class=\"wp-image-1192\" srcset=\"https:\/\/notidiario24.com.ar\/portalweb\/wp-content\/uploads\/2024\/02\/DSC7535-1024x684.jpg 1024w, https:\/\/notidiario24.com.ar\/portalweb\/wp-content\/uploads\/2024\/02\/DSC7535-300x200.jpg 300w, https:\/\/notidiario24.com.ar\/portalweb\/wp-content\/uploads\/2024\/02\/DSC7535-768x513.jpg 768w, https:\/\/notidiario24.com.ar\/portalweb\/wp-content\/uploads\/2024\/02\/DSC7535-1536x1026.jpg 1536w, https:\/\/notidiario24.com.ar\/portalweb\/wp-content\/uploads\/2024\/02\/DSC7535-2048x1368.jpg 2048w\" sizes=\"auto, (max-width: 1024px) 100vw, 1024px\" \/><\/figure>\n\n\n\n<figure class=\"wp-block-image size-large\"><img loading=\"lazy\" decoding=\"async\" width=\"1024\" height=\"657\" data-id=\"1191\" src=\"https:\/\/notidiario24.com.ar\/portalweb\/wp-content\/uploads\/2024\/02\/DSC7531-1024x657.jpg\" alt=\"\" class=\"wp-image-1191\" srcset=\"https:\/\/notidiario24.com.ar\/portalweb\/wp-content\/uploads\/2024\/02\/DSC7531-1024x657.jpg 1024w, https:\/\/notidiario24.com.ar\/portalweb\/wp-content\/uploads\/2024\/02\/DSC7531-300x192.jpg 300w, https:\/\/notidiario24.com.ar\/portalweb\/wp-content\/uploads\/2024\/02\/DSC7531-768x492.jpg 768w, https:\/\/notidiario24.com.ar\/portalweb\/wp-content\/uploads\/2024\/02\/DSC7531-1536x985.jpg 1536w, https:\/\/notidiario24.com.ar\/portalweb\/wp-content\/uploads\/2024\/02\/DSC7531-2048x1313.jpg 2048w\" sizes=\"auto, (max-width: 1024px) 100vw, 1024px\" \/><\/figure>\n\n\n\n<figure class=\"wp-block-image size-large\"><img loading=\"lazy\" decoding=\"async\" width=\"900\" height=\"565\" data-id=\"1190\" src=\"https:\/\/notidiario24.com.ar\/portalweb\/wp-content\/uploads\/2024\/02\/f047ed2f983ae02203e65a7eb45fa7bd_XL.jpg\" alt=\"\" class=\"wp-image-1190\" srcset=\"https:\/\/notidiario24.com.ar\/portalweb\/wp-content\/uploads\/2024\/02\/f047ed2f983ae02203e65a7eb45fa7bd_XL.jpg 900w, https:\/\/notidiario24.com.ar\/portalweb\/wp-content\/uploads\/2024\/02\/f047ed2f983ae02203e65a7eb45fa7bd_XL-300x188.jpg 300w, https:\/\/notidiario24.com.ar\/portalweb\/wp-content\/uploads\/2024\/02\/f047ed2f983ae02203e65a7eb45fa7bd_XL-768x482.jpg 768w\" sizes=\"auto, (max-width: 900px) 100vw, 900px\" \/><\/figure>\n<\/figure>\n","protected":false},"excerpt":{"rendered":"<p>Con el prop\u00f3sito de poner en marcha el Ciclo Lectivo 2024 y reconstruir la educaci\u00f3n p\u00fablica en Santa<\/p>\n","protected":false},"author":1,"featured_media":1190,"comment_status":"closed","ping_status":"closed","sticky":false,"template":"","format":"standard","meta":{"footnotes":""},"categories":[4],"tags":[],"class_list":["post-1189","post","type-post","status-publish","format-standard","has-post-thumbnail","hentry","category-politica"],"_links":{"self":[{"href":"https:\/\/notidiario24.com.ar\/portalweb\/wp-json\/wp\/v2\/posts\/1189","targetHints":{"allow":["GET"]}}],"collection":[{"href":"https:\/\/notidiario24.com.ar\/portalweb\/wp-json\/wp\/v2\/posts"}],"about":[{"href":"https:\/\/notidiario24.com.ar\/portalweb\/wp-json\/wp\/v2\/types\/post"}],"author":[{"embeddable":true,"href":"https:\/\/notidiario24.com.ar\/portalweb\/wp-json\/wp\/v2\/users\/1"}],"replies":[{"embeddable":true,"href":"https:\/\/notidiario24.com.ar\/portalweb\/wp-json\/wp\/v2\/comments?post=1189"}],"version-history":[{"count":1,"href":"https:\/\/notidiario24.com.ar\/portalweb\/wp-json\/wp\/v2\/posts\/1189\/revisions"}],"predecessor-version":[{"id":1193,"href":"https:\/\/notidiario24.com.ar\/portalweb\/wp-json\/wp\/v2\/posts\/1189\/revisions\/1193"}],"wp:featuredmedia":[{"embeddable":true,"href":"https:\/\/notidiario24.com.ar\/portalweb\/wp-json\/wp\/v2\/media\/1190"}],"wp:attachment":[{"href":"https:\/\/notidiario24.com.ar\/portalweb\/wp-json\/wp\/v2\/media?parent=1189"}],"wp:term":[{"taxonomy":"category","embeddable":true,"href":"https:\/\/notidiario24.com.ar\/portalweb\/wp-json\/wp\/v2\/categories?post=1189"},{"taxonomy":"post_tag","embeddable":true,"href":"https:\/\/notidiario24.com.ar\/portalweb\/wp-json\/wp\/v2\/tags?post=1189"}],"curies":[{"name":"wp","href":"https:\/\/api.w.org\/{rel}","templated":true}]}}